{"id":217724,"date":"2022-02-16T19:54:56","date_gmt":"2022-02-16T18:54:56","guid":{"rendered":"https:\/\/www.cronacaonline.it\/?p=217724"},"modified":"2022-02-16T19:55:02","modified_gmt":"2022-02-16T18:55:02","slug":"consiglio-sardegna-manovra-2022-2024-legge-di-stabilita-approvato-larticolo-7-disposizioni-in-materia-di-agricoltura-il-consiglio-regionale-proseguira-i-lavori-domani-17-febbraio-a","status":"publish","type":"post","link":"https:\/\/www.cronacaonline.it\/index.php\/2022\/02\/16\/consiglio-sardegna-manovra-2022-2024-legge-di-stabilita-approvato-larticolo-7-disposizioni-in-materia-di-agricoltura-il-consiglio-regionale-proseguira-i-lavori-domani-17-febbraio-a\/","title":{"rendered":"Consiglio Sardegna &#8211; Manovra 2022-2024, (legge di Stabilit\u00e0): approvato l\u2019articolo 7 (Disposizioni in materia di agricoltura). Il Consiglio regionale proseguir\u00e0 i lavori domani, 17 febbraio, alle 10,30."},"content":{"rendered":"\n<p>Cagliari, 16 Feb 2022 - La 197ma seduta del Consiglio Regionale della Legislatura si \u00e8 aperta sotto la presidenza del vice presidente Giovanni Antonio Satta che dopo le formalit\u00e0 di rito ha concesso la parola al consigliere del gruppo Leu, Daniele Cocco per la prosecuzione della discussione generale sull\u2019articolo 7 che tratta la materia dell\u2019Agricoltura. L\u2019esponente della minoranza ha svolto un intervento critico nei confronti dell\u2019operato dell\u2019assessora Murgia ed ha ricordato, insieme con le difficolt\u00e0 crescenti del mondo delle campagne, anche l\u2019annunciata protesta a Cagliari dei pastori, fiaccati dall\u2019aumento delle materie prime e dei costi dell\u2019energia. Cocco ha lamentato la carenza di risposte da parte della Regione ed ha denunciato una serie di \u201ccolpevoli\u201d ritardi: \u00abCito ad esempio la mancata corresponsione del premio unico e la mancata predisposizione dei bandi per i sussidi per far fronte ai danni della blue tongue\u00bb. Il consigliere del centrosinistra ha quindi concluso il suo intervento ricordando gli impegni disattesi con i coltivatori della cannabis legale e il poco interesse per le problematiche dei raccoglitori di sughero.<\/p>\n\n\n\n<p>Il tema dei cannabis \u00e8 stato ripreso anche dal consigliere dei Cinque Stelle, Alessandro Solinas, che ha insistito anche sull\u2019impugnazione della delibera per le stabilizzazioni nel consorzio di bonifica di Oristano. Un'ulteriore sottolineatura ha riguardato il prezziario agricolo regionale (\u00abdeve adeguarsi ai prezzi delle materie prime e alle fluttuazioni di bilancio\u00bb) e lo stanziamento di tre milioni per la valorizzazione delle terre civiche. L\u2019esponente della minoranza ha concluso il suo intervento dichiarando vicinanza agli allevatori in protesta ed in particolare al cosiddetto sistema Arborea.<\/p>\n\n\n\n<p>Il consigliere di Fi, Giuseppe Talanas ha evidenziato le difficolt\u00e0 del mondo dei campi ed ha riportato all\u2019attenzione dell\u2019Aula le lamentele di pi\u00f9 stretta attualit\u00e0 ad incominciare da quelle riguardanti l\u2019ormai generalizzato incremento dei costi di produzione. &nbsp;\u00abAuspico unit\u00e0 di intenti tra maggioranza e minoranza \u2013 ha dichiarato il consigliere del centrodestra \u2013 e invito l\u2019assessore a far squadra per portare con efficacia i problemi del comparto sardo sul tavolo del Governo\u00bb.<\/p>\n\n\n\n<p>Il presidente del Consiglio, Michele Pais, ha posto in votazione una serie di emendamenti a partire dal 115 che non sono stati approvati e il consigliere del gruppo Leu, Eugenio Lai, intervenendo sull\u2019ordine dei lavori, ha sollecitato un intervento di replica da parte dell\u2019assessora Gabriella Murgia. Analoga richiesta \u00e8 stata avanzata dalla consigliera, Desir\u00e8 Manca (M5S) e seppur con differenti motivazioni anche dal capogruppo della Lega, Pierluigi Saiu. Il capogruppo del Psd\u2019Az, Mula, ha per\u00f2 invitato l\u2019assemblea al rispetto del regolamento e ad evitare dunque un dibattito sull\u2019Agricoltura e non gi\u00e0 sulle norme contenute nella legge di stabilit\u00e0.<\/p>\n\n\n\n<p>L\u2019assessora ha quindi fornito all\u2019Aula e ai singoli consiglieri i chiarimenti richiesti nel corso del dibattito ed ha riconosciuto, in apertura del suo intervento, i meriti degli allevatori sardi nelle battaglie per il riconoscimento di un equo prezzo del latte ovino. \u00abI rincari delle materie prime e dei costi dell\u2019energia \u2013 ha per\u00f2 affermato l\u2019esponente dell\u2019esecutivo regionale \u2013 hanno vanificato gli sforzi dei pastori e anche quelli della politica e i risultati ottenuti non possono oggi essere supportati dal bilancio regionale ed \u00e8 per questo che serve l\u2019intervento del Governo\u00bb. L\u2019assessora ha quindi ricordato i limiti normativi oltre a quelli inerenti le risorse ed ha sottolineato le maggiori penalizzazioni per il comparto sardo per effetto della condizione di insularit\u00e0. \u00abAttendiamo dunque \u2013 ha dichiarato Gabriella Murgia \u2013 una norma ad hoc promossa dall\u2019esecutivo nazionale per l\u2019intero comparto agricolo del Paese\u00bb. L\u2019assessora ha anche confermato la presentazione di 21 progetti sul Pnrr (\u00abma ricordo che il programma \u00e8 nazionale e la Regione pu\u00f2 soltanto partecipare ai bandi\u00bb) ed ha insistito sulla complessit\u00e0 e strategicit\u00e0 degli interventi proposti anche insieme ad altri assessorati. Ulteriori comunicazioni hanno riguardato la delega del governo per i frantoi oleari e le scuse formulate ai protagonisti della ormai nota polemica di Talana. Il presidente di turno dell\u2019assemblea, Giovanni Antonio Satta, ha quindi cominciato la chiama degli emendamenti a partire dal 118 e sono stati tutti respinti, fino al 313 e 311 che (dopo l\u2019impegno assunto dal capogruppo Psd\u2019Az, Mula, alla trattazione alla promessa legge omnibus) sono stati ritirati dal primo firmatario Corrias (Pd). Sul tema degli usi civici, il capogruppo dei Progressisti, Agus, ha auspicato una rapida trattazione dell\u2019argomento con il coinvolgimento dei comuni maggiormente gravati.<\/p>\n\n\n\n<p>Successivamente \u00e8 iniziato l\u2019esame dell\u2019emendamento n.451. Illustrando la finalit\u00e0 della proposta il capogruppo del M5S Michele Ciusa ha sostenuto che gli apicoltori vanno aiutati dopo i danni subiti da pandemia, incendi e calamit\u00e0 naturali e sostenuti nella loro crescita attraverso il miglioramento delle produzioni in terreni compatibili.<\/p>\n\n\n\n<p>Dopo una breve sospensione dei lavori l\u2019emendamento \u00e8 stato ritirato. L\u2019assessore dell\u2019Agricoltura Gabriella Murgia ha infatti assicurato il suo impegno per recepire la proposta all\u2019interno del primo provvedimento utile.<\/p>\n\n\n\n<p>Subito dopo \u00e8 stato approvato il testo dell\u2019art.7.<\/p>\n\n\n\n<p>A seguire approvato anche l\u2019emendamento n.315 (Corrias e pi\u00f9) che proroga di un anno le convenzioni fra Forestas e Comuni per attivit\u00e0 su terreni nei quali viene sospeso l\u2019uso civico. L\u2019emendamento comprende anche una correzione orali suggerita dal capogruppo sardista Franco Mula relativa al \u201crinnovo\u201d delle convenzioni.<\/p>\n\n\n\n<p>Ritirato, invece, l\u2019emendamento n.4 del consigliere Emanuele Cera (Forza Italia) sui contributi ai Consorzi di bonifica della Sardegna meridionale. Sul punto l\u2019assessore Murgia ha comunicato che in un prossimo provvedimento sar\u00e0 inserito un emendamento specifico della Giunta.<\/p>\n\n\n\n<p>La decisione \u00e8 stata contestata dai consiglieri Daniele Cocco (Leu) e Maria Laura Orr\u00f9 (Progressisti) secondo i quali c\u2019\u00e8 un evidente scollamento fra l\u2019azione della maggioranza e quella dell\u2019esecutivo.<\/p>\n\n\n\n<p>Il capogruppo sardista Franco Mula ha invitato i gruppi al rispetto degli accordi, dato che si era stabilito di non presentare emendamenti, rinviando alcuni temi condivisi ad una successiva valutazione all\u2019interno di una nuova \u201cOmnibus\u201d, per la quale per\u00f2 occorre trovare le risorse necessarie e bisogna procedere con cautela posto che si sta parlando di parlando di 9-10 milioni.<\/p>\n\n\n\n<p>Dopo gli interventi critici dei consiglieri Zedda (Progressisti) e Cocco (Leu) e l\u2019annuncio del ritiro dell\u2019emendamento da parte del consigliere Cera (Forza Italia), l\u2019assessore della Programmazione Giuseppe Fasolino ha precisato che la copertura della prossima Omibus sar\u00e0 assicurata dalle economie presenti negli assessorati e potr\u00e0 essere varata in tempi brevi.<\/p>\n\n\n\n<p>Sull\u2019emendamento n.513 (Oppi e pi\u00f9) che concede un contributo di 4 milioni alle aziende suinicole sarde, si \u00e8 sviluppato un breve dibattito.<\/p>\n\n\n\n<p>Il consigliere di Udc-Cambiamo Giorgio Oppi, primo firmatario, ha ricordato che l\u2019emendamento \u00e8 stato oggetto di un accordo fra i gruppi; pi\u00f9 precisamente \u00e8 stata fatta una riduzione rispetto agli 8 milioni previsti nella prima stesura del testo. Il capogruppo sardista Franco Mula ha chiesto la sospensione della seduta. Alla ripresa dei lavori il presidente ha annunciato il rinvio del 513 rinviato alla fine della legge.<\/p>\n\n\n\n<p>Il capogruppo del Pd Gianfranco Ganau si \u00e8 detto contrario perch\u00e9 l\u2019emendamento, essendo ammissibile ed avendo copertura finanziaria, deve essere votato. Il presidente ha riferito invece di problemi di copertura, interpretazione respinta da Ganau e da Desir\u00e8 Manca, del M5S. Il presidente ha quindi sospeso nuovamente la seduta. Alla ripresa dei lavori, il presidente ha comunicato che l\u2019esame dell\u2019emendamento n.513 \u00e8 stato rinviato alla fine della legge.<\/p>\n\n\n\n<p>Emanuele Cera (FI) ha proposto una nuova formulazione del comma 10 dell\u2019articolo 7 con un emendamento orale sul quale l\u2019assessore all\u2019Agricoltura ha chiesto agli uffici un parere circa la legittimit\u00e0 della norma proposta. Favorevole all\u2019emendamento Cera anche Cossa (Riformatori), che ha detto: \u201cSi tratta di una correzione opportuna e necessaria perch\u00e9 altrimenti, con l\u2019attuale formulazione, altre aziende agricole di altre regioni potrebbero avvantaggiarsi delle risorse della Regione Sardegna, a danno dei nostri agricoltori\u201d.<\/p>\n\n\n\n<p>Anche il Psd\u2019Az si \u00e8 espresso a favore e il Consiglio regionale ha approvato all\u2019unanimit\u00e0.<\/p>\n\n\n\n<p>Sull\u2019articolo 8 il presidente Pais ha annunciato gli emendamenti e il presidente della commissione Bilancio, Stefano Schirru, ha espresso il parere. &nbsp;&nbsp;A seguire anche la Giunta ha espresso il suo parere. Il presidente del Consiglio ha sospeso i lavori che riprenderanno domani alle 10.30. Com<\/p>\n","protected":false},"excerpt":{"rendered":"<p>Cagliari, 16 Feb 2022 &#8211; La 197ma seduta del Consiglio Regionale della Legislatura si \u00e8 aperta sotto la presidenza del vice presidente Giovanni Antonio Satta&#8230;<\/p>\n","protected":false},"author":2,"featured_media":191710,"comment_status":"closed","ping_status":"open","sticky":false,"template":"","format":"standard","meta":[],"categories":[49,52],"tags":[],"_links":{"self":[{"href":"https:\/\/www.cronacaonline.it\/index.php\/wp-json\/wp\/v2\/posts\/217724"}],"collection":[{"href":"https:\/\/www.cronacaonline.it\/index.php\/wp-json\/wp\/v2\/posts"}],"about":[{"href":"https:\/\/www.cronacaonline.it\/index.php\/wp-json\/wp\/v2\/types\/post"}],"author":[{"embeddable":true,"href":"https:\/\/www.cronacaonline.it\/index.php\/wp-json\/wp\/v2\/users\/2"}],"replies":[{"embeddable":true,"href":"https:\/\/www.cronacaonline.it\/index.php\/wp-json\/wp\/v2\/comments?post=217724"}],"version-history":[{"count":1,"href":"https:\/\/www.cronacaonline.it\/index.php\/wp-json\/wp\/v2\/posts\/217724\/revisions"}],"predecessor-version":[{"id":217725,"href":"https:\/\/www.cronacaonline.it\/index.php\/wp-json\/wp\/v2\/posts\/217724\/revisions\/217725"}],"wp:featuredmedia":[{"embeddable":true,"href":"https:\/\/www.cronacaonline.it\/index.php\/wp-json\/wp\/v2\/media\/191710"}],"wp:attachment":[{"href":"https:\/\/www.cronacaonline.it\/index.php\/wp-json\/wp\/v2\/media?parent=217724"}],"wp:term":[{"taxonomy":"category","embeddable":true,"href":"https:\/\/www.cronacaonline.it\/index.php\/wp-json\/wp\/v2\/categories?post=217724"},{"taxonomy":"post_tag","embeddable":true,"href":"https:\/\/www.cronacaonline.it\/index.php\/wp-json\/wp\/v2\/tags?post=217724"}],"curies":[{"name":"wp","href":"https:\/\/api.w.org\/{rel}","templated":true}]}}