{"id":217711,"date":"2022-02-16T18:49:13","date_gmt":"2022-02-16T17:49:13","guid":{"rendered":"https:\/\/www.cronacaonline.it\/?p=217711"},"modified":"2022-02-16T18:49:15","modified_gmt":"2022-02-16T17:49:15","slug":"editoria-sarda-assessore-biancareddu-programmati-interventi-per-la-partecipazione-delle-opere-edite-in-sardegna-al-salone-del-libro-di-torino-e-alla-buchmrsse-di-francoforte","status":"publish","type":"post","link":"https:\/\/www.cronacaonline.it\/index.php\/2022\/02\/16\/editoria-sarda-assessore-biancareddu-programmati-interventi-per-la-partecipazione-delle-opere-edite-in-sardegna-al-salone-del-libro-di-torino-e-alla-buchmrsse-di-francoforte\/","title":{"rendered":"Editoria sarda: assessore Biancareddu, programmati interventi per la partecipazione delle opere edite in Sardegna al salone del libro di torino e alla Buchmrsse di Francoforte."},"content":{"rendered":"\n<p>Cagliari, 16 Feb 2022 -\u00a0Con l'obbiettivo di promuovere e sostenere l'Editoria sarda nel territorio nazionale ed internazionale, l'Assessore della Pubblica Istruzione, Beni Culturali, Andrea Biancareddu, ha destinato 100 mila euro per l'anno 2022, che serviranno all'acquisizione dei servizi utili alla partecipazione della Regione alle manifestazioni di promozione dell'editoria al di fuori del territorio regionale come il Salone del Libro di Torino e quello di Frankfurter Buchmesse.<\/p>\n\n\n\n<p>Particolare attenzione verr\u00e0 riposto per il Salone internazionale del Libro di Torino, con l'acquisizione e l'allestimento degli spazi espositivi, l'ideazione e la progettazione del progetto culturale, della promozione e della realizzazione degli eventi collegati, incluse le attivit\u00e0 di comunicazione e supporto.&nbsp;<\/p>\n\n\n\n<p>\u201cIl ruolo che il libro sardo riveste - sottolinea l\u2019Assessore Biancareddu- appare ancora pi\u00f9 significativo nell'era del digitale. Le opere edite nell\u2019Isola continuano inoltre a svolgere un loro ruolo fondamentale per la diffusione, la conoscenza e la promozione delle peculiarit\u00e0 culturali, storiche, artistiche, linguistiche e letterarie della Sardegna. Per questo \u00e8 basilare assicurare alta visibilit\u00e0 alla produzione editoriale, favorendo la partecipazione degli editori sardi a manifestazioni di alta caratura nazionale e internazionale\u201d.&nbsp;<\/p>\n\n\n\n<p>Al fine di garantire una promozione efficace, la Regione avr\u00e0 un suo stand istituzionale all\u2019interno della pi\u00f9 importante manifestazione editoriale in Italia, il Salone del Libro, in programma a Torino dal 19 al 23 maggio prossimi.&nbsp;&nbsp;<\/p>\n\n\n\n<p>La presenza della Regione consentir\u00e0 di promuovere il libro sardo e, attraverso esso, il territorio, il paesaggio e le valenze culturali e ambientali e i prodotti dell'Isola, che diventano una valida proposta di un modello di vita altamente sostenibile e visibile da tutti, senza limiti n\u00e9 di spazio n\u00e9 di tempo, grazie anche alle nuove tecniche di comunicazione digitale.<\/p>\n\n\n\n<p>In questa prospettiva verranno programmati poi gli eventi e le attivit\u00e0 culturali che animeranno lo Stand Istituzionale, realizzati in collaborazione con le associazioni di categoria della filiera del libro sardo e con operatori del mondo culturale.<\/p>\n\n\n\n<p>Al fine di ampliare poi le opportunit\u00e0 di promozione anche all'estero e di internazionalizzazione dell'editoria sarda, Biancareddu ha proposto la partecipazione della Regione Sardegna e delle aziende editrici sarde interessate, alla Frankfurter Buchmesse, in programma dal 19 al 23 ottobre prossimi. Com<\/p>\n","protected":false},"excerpt":{"rendered":"<p>Cagliari, 16 Feb 2022 &#8211;\u00a0Con l&#8217;obbiettivo di promuovere e sostenere l&#8217;Editoria sarda nel territorio nazionale ed internazionale, l&#8217;Assessore della Pubblica Istruzione, Beni Culturali, Andrea Biancareddu,&#8230;<\/p>\n","protected":false},"author":2,"featured_media":184604,"comment_status":"closed","ping_status":"open","sticky":false,"template":"","format":"standard","meta":[],"categories":[49,52],"tags":[],"_links":{"self":[{"href":"https:\/\/www.cronacaonline.it\/index.php\/wp-json\/wp\/v2\/posts\/217711"}],"collection":[{"href":"https:\/\/www.cronacaonline.it\/index.php\/wp-json\/wp\/v2\/posts"}],"about":[{"href":"https:\/\/www.cronacaonline.it\/index.php\/wp-json\/wp\/v2\/types\/post"}],"author":[{"embeddable":true,"href":"https:\/\/www.cronacaonline.it\/index.php\/wp-json\/wp\/v2\/users\/2"}],"replies":[{"embeddable":true,"href":"https:\/\/www.cronacaonline.it\/index.php\/wp-json\/wp\/v2\/comments?post=217711"}],"version-history":[{"count":1,"href":"https:\/\/www.cronacaonline.it\/index.php\/wp-json\/wp\/v2\/posts\/217711\/revisions"}],"predecessor-version":[{"id":217712,"href":"https:\/\/www.cronacaonline.it\/index.php\/wp-json\/wp\/v2\/posts\/217711\/revisions\/217712"}],"wp:featuredmedia":[{"embeddable":true,"href":"https:\/\/www.cronacaonline.it\/index.php\/wp-json\/wp\/v2\/media\/184604"}],"wp:attachment":[{"href":"https:\/\/www.cronacaonline.it\/index.php\/wp-json\/wp\/v2\/media?parent=217711"}],"wp:term":[{"taxonomy":"category","embeddable":true,"href":"https:\/\/www.cronacaonline.it\/index.php\/wp-json\/wp\/v2\/categories?post=217711"},{"taxonomy":"post_tag","embeddable":true,"href":"https:\/\/www.cronacaonline.it\/index.php\/wp-json\/wp\/v2\/tags?post=217711"}],"curies":[{"name":"wp","href":"https:\/\/api.w.org\/{rel}","templated":true}]}}