{"id":217699,"date":"2022-02-16T13:07:57","date_gmt":"2022-02-16T12:07:57","guid":{"rendered":"https:\/\/www.cronacaonline.it\/?p=217699"},"modified":"2022-02-16T13:07:59","modified_gmt":"2022-02-16T12:07:59","slug":"scomparsa-del-cardinale-de-magistris-il-presidente-solinas-commosso-addio-a-un-grande-sardo-eccelso-servitore-della-verita-e-della-pace","status":"publish","type":"post","link":"https:\/\/www.cronacaonline.it\/index.php\/2022\/02\/16\/scomparsa-del-cardinale-de-magistris-il-presidente-solinas-commosso-addio-a-un-grande-sardo-eccelso-servitore-della-verita-e-della-pace\/","title":{"rendered":"Scomparsa del cardinale De Magistris, il presidente Solinas: \u201ccommosso addio a un grande sardo, eccelso servitore della verit\u00e0 e della pace\u201d."},"content":{"rendered":"\n<p>Cagliari, 16 Feb 2022 \u2013\u00a0\u201cUn commosso addio a un grande sardo, che ha servito la Chiesa Cattolica con amore e dedizione totale, con semplicit\u00e0 e umilt\u00e0 unite ad una profonda simpatia e cordialit\u00e0 umana\u201d. Con queste parole il Presidente della Regione Christian Solinas rivolge un pensiero affettuoso, anche a nome dell\u2019intera Giunta Regionale, al Cardinale Luigi De Magistris, scomparso oggi a Cagliari.<\/p>\n\n\n\n<p>\u201cUomo schietto, di profondissima cultura e di grande umanit\u00e0\u201d, ricorda il Presidente Solinas. \u201cIl Cardinale De Magistris, il pi\u00f9 anziano porporato italiano, ha sempre conservato un legame profondo con Cagliari e con la Sardegna, mai interrotto nonostante i gravosi e prestigiosi incarichi svolti al servizio della Santa Sede - dice il Presidente - Ogni momento di incontro con lui, era un\u2019occasione di grande arricchimento interiore, spirituale e umano\u201d.<\/p>\n\n\n\n<p>Il Presidente ha reso omaggio alla salma del Cardinale nella camera ardente allestita nella Cattedrale di Cagliari.<\/p>\n","protected":false},"excerpt":{"rendered":"<p>Cagliari, 16 Feb 2022 \u2013\u00a0\u201cUn commosso addio a un grande sardo, che ha servito la Chiesa Cattolica con amore e dedizione totale, con semplicit\u00e0 e&#8230;<\/p>\n","protected":false},"author":2,"featured_media":150681,"comment_status":"closed","ping_status":"open","sticky":false,"template":"","format":"standard","meta":[],"categories":[49,52],"tags":[],"_links":{"self":[{"href":"https:\/\/www.cronacaonline.it\/index.php\/wp-json\/wp\/v2\/posts\/217699"}],"collection":[{"href":"https:\/\/www.cronacaonline.it\/index.php\/wp-json\/wp\/v2\/posts"}],"about":[{"href":"https:\/\/www.cronacaonline.it\/index.php\/wp-json\/wp\/v2\/types\/post"}],"author":[{"embeddable":true,"href":"https:\/\/www.cronacaonline.it\/index.php\/wp-json\/wp\/v2\/users\/2"}],"replies":[{"embeddable":true,"href":"https:\/\/www.cronacaonline.it\/index.php\/wp-json\/wp\/v2\/comments?post=217699"}],"version-history":[{"count":1,"href":"https:\/\/www.cronacaonline.it\/index.php\/wp-json\/wp\/v2\/posts\/217699\/revisions"}],"predecessor-version":[{"id":217700,"href":"https:\/\/www.cronacaonline.it\/index.php\/wp-json\/wp\/v2\/posts\/217699\/revisions\/217700"}],"wp:featuredmedia":[{"embeddable":true,"href":"https:\/\/www.cronacaonline.it\/index.php\/wp-json\/wp\/v2\/media\/150681"}],"wp:attachment":[{"href":"https:\/\/www.cronacaonline.it\/index.php\/wp-json\/wp\/v2\/media?parent=217699"}],"wp:term":[{"taxonomy":"category","embeddable":true,"href":"https:\/\/www.cronacaonline.it\/index.php\/wp-json\/wp\/v2\/categories?post=217699"},{"taxonomy":"post_tag","embeddable":true,"href":"https:\/\/www.cronacaonline.it\/index.php\/wp-json\/wp\/v2\/tags?post=217699"}],"curies":[{"name":"wp","href":"https:\/\/api.w.org\/{rel}","templated":true}]}}