{"id":217697,"date":"2022-02-16T11:55:10","date_gmt":"2022-02-16T10:55:10","guid":{"rendered":"https:\/\/www.cronacaonline.it\/?p=217697"},"modified":"2022-02-16T11:55:12","modified_gmt":"2022-02-16T10:55:12","slug":"consiglio-sardegna-si-agli-incentivi-ai-medici-di-base-che-scelgono-sedi-disagiate-approvato-emendamento-saiu-lega","status":"publish","type":"post","link":"https:\/\/www.cronacaonline.it\/index.php\/2022\/02\/16\/consiglio-sardegna-si-agli-incentivi-ai-medici-di-base-che-scelgono-sedi-disagiate-approvato-emendamento-saiu-lega\/","title":{"rendered":"Consiglio Sardegna &#8211; S\u00ec agli incentivi ai medici di base che scelgono sedi disagiate: approvato emendamento Saiu (Lega)."},"content":{"rendered":"\n<p>Cagliari, 16 Feb 2022 - Due milioni di euro per incentivare i medici di base e i pediatri che scelgono sedi disagiate o disagiatissime: li ha stanziati il Consiglio regionale, nel corso della manovra finanziaria approvando all\u2019unanimit\u00e0 l\u2019emendamento a firma Pierluigi Saiu (Lega Sardegna).<\/p>\n\n\n\n<p>\u00abLa maggioranza ha condiviso la nostra proposta e poi il consiglio regionale l\u2019ha approvata all\u2019unanimit\u00e0, con la firma di tutti i rappresentanti dell\u2019assemblea\u00bb spiega il capogruppo della Lega e primo firmatario Pierluigi Saiu.<\/p>\n\n\n\n<p>\u00abL\u2019emendamento ha lo scopo uniformare il livello di assistenza sanitaria dei medici di medicina generale e dei pediatri di libera scelta nell\u2019intero territorio regionale \u2013 conclude il comunicato di Saiu - andando a riequilibrare sedi in forte disagio dove la necessit\u00e0 di medici di base e pediatri \u00e8 un problema sempre pi\u00f9 sentito. Com<\/p>\n","protected":false},"excerpt":{"rendered":"<p>Cagliari, 16 Feb 2022 &#8211; Due milioni di euro per incentivare i medici di base e i pediatri che scelgono sedi disagiate o disagiatissime: li&#8230;<\/p>\n","protected":false},"author":2,"featured_media":192512,"comment_status":"closed","ping_status":"open","sticky":false,"template":"","format":"standard","meta":[],"categories":[49,52],"tags":[],"_links":{"self":[{"href":"https:\/\/www.cronacaonline.it\/index.php\/wp-json\/wp\/v2\/posts\/217697"}],"collection":[{"href":"https:\/\/www.cronacaonline.it\/index.php\/wp-json\/wp\/v2\/posts"}],"about":[{"href":"https:\/\/www.cronacaonline.it\/index.php\/wp-json\/wp\/v2\/types\/post"}],"author":[{"embeddable":true,"href":"https:\/\/www.cronacaonline.it\/index.php\/wp-json\/wp\/v2\/users\/2"}],"replies":[{"embeddable":true,"href":"https:\/\/www.cronacaonline.it\/index.php\/wp-json\/wp\/v2\/comments?post=217697"}],"version-history":[{"count":1,"href":"https:\/\/www.cronacaonline.it\/index.php\/wp-json\/wp\/v2\/posts\/217697\/revisions"}],"predecessor-version":[{"id":217698,"href":"https:\/\/www.cronacaonline.it\/index.php\/wp-json\/wp\/v2\/posts\/217697\/revisions\/217698"}],"wp:featuredmedia":[{"embeddable":true,"href":"https:\/\/www.cronacaonline.it\/index.php\/wp-json\/wp\/v2\/media\/192512"}],"wp:attachment":[{"href":"https:\/\/www.cronacaonline.it\/index.php\/wp-json\/wp\/v2\/media?parent=217697"}],"wp:term":[{"taxonomy":"category","embeddable":true,"href":"https:\/\/www.cronacaonline.it\/index.php\/wp-json\/wp\/v2\/categories?post=217697"},{"taxonomy":"post_tag","embeddable":true,"href":"https:\/\/www.cronacaonline.it\/index.php\/wp-json\/wp\/v2\/tags?post=217697"}],"curies":[{"name":"wp","href":"https:\/\/api.w.org\/{rel}","templated":true}]}}