{"id":217611,"date":"2022-02-14T11:37:31","date_gmt":"2022-02-14T10:37:31","guid":{"rendered":"https:\/\/www.cronacaonline.it\/?p=217611"},"modified":"2022-02-14T11:37:36","modified_gmt":"2022-02-14T10:37:36","slug":"rincaro-materie-prime-lassessore-murgia-necessario-un-intervento-straordinario-del-governo-nazionale-a-sostegno-delle-aziende-agricole-sarde","status":"publish","type":"post","link":"https:\/\/www.cronacaonline.it\/index.php\/2022\/02\/14\/rincaro-materie-prime-lassessore-murgia-necessario-un-intervento-straordinario-del-governo-nazionale-a-sostegno-delle-aziende-agricole-sarde\/","title":{"rendered":"Rincaro materie prime, l\u2019assessore Murgia: \u201cnecessario un intervento straordinario del governo nazionale a sostegno delle aziende agricole sarde\u201d."},"content":{"rendered":"\n<p>Cagliari, 14 Feb 2022\u00a0-\u00a0\u201c\u00c8 necessario un intervento straordinario per sostenere le aziende sarde colpite dall\u2019aumento dei costi delle materie prime. Lo Stato si faccia carico di questa emergenza economica e sociale, definendo una strategia nazionale d\u2019intervento, coinvolgendo le Regioni, il Parlamento e se necessario le istituzioni comunitarie\u201d. Lo chiede l\u2019assessore regionale dell\u2019Agricoltura, Gabriella Murgia, insieme ai colleghi delle altre Regioni, in una delle diverse lettere inviate al coordinatore della Commissione Politiche agricole della Conferenza delle Regioni.<\/p>\n\n\n\n<p>\u201cLe risorse del bilancio regionale \u2013 sottolinea l\u2019assessore Murgia \u2013 non sono sufficienti ad affrontare un\u2019emergenza di tale portata e gli attuali spazi normativi in materia di aiuti di Stato limitano fortemente gli ambiti di intervento delle Regioni. La Giunta \u00e8 pronta a fare la sua parte, cos\u00ec come dimostrato in questi due anni di pandemia e di fronte alle emergenze meteoriche, calamit\u00e0 e da ultimo davanti alla diffusione della lingua blu\u201d.<\/p>\n\n\n\n<p>\u201cGi\u00e0 dall\u2019autunno scorso \u2013 aggiunge l\u2019esponente della Giunta Solinas \u2013 riceviamo segnalazioni da parte di tutte le filiere agricole che evidenziano la compromissione della sostenibilit\u00e0 economica dell\u2019attivit\u00e0 di impresa in conseguenza di una serie di eventi indotti dalla diffusione della pandemia da Covid19 e dal suo perdurare nel tempo\u201d.<\/p>\n\n\n\n<p>Le aziende della produzione primaria denunciano un incremento dei costi di esercizio, trainati in alto dal rincaro delle materie prime utilizzate. La recente evoluzione dei prezzi registrati nel mercato energetico, spiega l\u2019assessore, ha poi prodotto un marcato incremento del prezzo del gasolio agricolo e di quello dei fertilizzanti, dove si registrano incrementi di prezzo anche del 100% in un anno.<\/p>\n\n\n\n<p>\u201cIncrementi \u2013 puntualizza Gabriella Murgia \u2013 che in Sardegna incorporano anche uno svantaggio competitivo rispetto ai prezzi praticati nella Penisola a causa degli elevati costi logistici per la condizione di insularit\u00e0, che negli ultimi mesi risultano fortemente condizionati principalmente dal rincaro del prezzo del petrolio\u201d.<\/p>\n\n\n\n<p>Anche le imprese della trasformazione e commercializzazione dei prodotti patiscono questo aumento dei prezzi, evidenzia l\u2019assessore al quale si somma la contrazione delle vendite del canale Horeca (alberghi, ristoranti e bar) e la riduzione dei margini di profitto \u201cconseguenti \u2013 prosegue l\u2019assessore Murgia \u2013 all\u2019evidente cambiamento delle abitudini di consumo delle famiglie che, con i bilanci fiaccati da due anni di pandemia.<\/p>\n\n\n\n<p>\u201cUno stato di cose che ormai ha indotto la chiusura di numerose imprese e il cui numero non potr\u00e0 che crescere se non saranno individuati strumenti di sostegno e interventi adeguati a impedire l\u2019ulteriore evoluzione di questo fenomeno o quantomeno ad arginarlo. Strumenti che non possono essere individuati dalle singole Regioni, sia per i ristretti margini di intervento amministrativo che esse hanno sia&nbsp;perch\u00e9 le cause dello stesso travalicano i confini regionali e per numerosi aspetti anche quelli nazionali\u201d, conclude l\u2019assessore dell\u2019Agricoltura. Red<\/p>\n","protected":false},"excerpt":{"rendered":"<p>Cagliari, 14 Feb 2022\u00a0&#8211;\u00a0\u201c\u00c8 necessario un intervento straordinario per sostenere le aziende sarde colpite dall\u2019aumento dei costi delle materie prime. Lo Stato si faccia carico&#8230;<\/p>\n","protected":false},"author":2,"featured_media":217016,"comment_status":"closed","ping_status":"open","sticky":false,"template":"","format":"standard","meta":[],"categories":[49,52],"tags":[],"_links":{"self":[{"href":"https:\/\/www.cronacaonline.it\/index.php\/wp-json\/wp\/v2\/posts\/217611"}],"collection":[{"href":"https:\/\/www.cronacaonline.it\/index.php\/wp-json\/wp\/v2\/posts"}],"about":[{"href":"https:\/\/www.cronacaonline.it\/index.php\/wp-json\/wp\/v2\/types\/post"}],"author":[{"embeddable":true,"href":"https:\/\/www.cronacaonline.it\/index.php\/wp-json\/wp\/v2\/users\/2"}],"replies":[{"embeddable":true,"href":"https:\/\/www.cronacaonline.it\/index.php\/wp-json\/wp\/v2\/comments?post=217611"}],"version-history":[{"count":1,"href":"https:\/\/www.cronacaonline.it\/index.php\/wp-json\/wp\/v2\/posts\/217611\/revisions"}],"predecessor-version":[{"id":217612,"href":"https:\/\/www.cronacaonline.it\/index.php\/wp-json\/wp\/v2\/posts\/217611\/revisions\/217612"}],"wp:featuredmedia":[{"embeddable":true,"href":"https:\/\/www.cronacaonline.it\/index.php\/wp-json\/wp\/v2\/media\/217016"}],"wp:attachment":[{"href":"https:\/\/www.cronacaonline.it\/index.php\/wp-json\/wp\/v2\/media?parent=217611"}],"wp:term":[{"taxonomy":"category","embeddable":true,"href":"https:\/\/www.cronacaonline.it\/index.php\/wp-json\/wp\/v2\/categories?post=217611"},{"taxonomy":"post_tag","embeddable":true,"href":"https:\/\/www.cronacaonline.it\/index.php\/wp-json\/wp\/v2\/tags?post=217611"}],"curies":[{"name":"wp","href":"https:\/\/api.w.org\/{rel}","templated":true}]}}