{"id":217604,"date":"2022-02-14T11:15:16","date_gmt":"2022-02-14T10:15:16","guid":{"rendered":"https:\/\/www.cronacaonline.it\/?p=217604"},"modified":"2022-02-14T11:15:17","modified_gmt":"2022-02-14T10:15:17","slug":"turismo-assessore-chessa-il-successo-internazionale-della-mostra-sardegna-isola-megalitica-e-un-ottimo-lancio-per-la-fiera-dellarcheologia","status":"publish","type":"post","link":"https:\/\/www.cronacaonline.it\/index.php\/2022\/02\/14\/turismo-assessore-chessa-il-successo-internazionale-della-mostra-sardegna-isola-megalitica-e-un-ottimo-lancio-per-la-fiera-dellarcheologia\/","title":{"rendered":"Turismo, assessore Chessa: &#8216;il successo internazionale della mostra \u2018Sardegna isola megalitica\u2019 \u00e8 un ottimo lancio per la fiera dell\u2019archeologia&#8217;."},"content":{"rendered":"\n<p>Salonicco (Grecia), 14 Feb 2022 - \u201cIl successo ottenuto dalla mostra archeologica \u2018Sardegna Isola Megalitica\u2019 nelle tappe di Berlino e San Pietroburgo, insieme all'apprezzamento e all'interesse dimostrato dalle autorit\u00e0 greche all\u2019inaugurazione di Salonicco, sindaco e viceministro in particolare, sono la dimostrazione dell\u2019interesse e della capacit\u00e0 di attrazione esercitata dalla storia e dalla cultura della Sardegna. Perci\u00f2, l\u2019idea di realizzare a Cagliari la \u2018Fiera dell\u2019Archeologia\u2019 nasce sotto i migliori auspici\u201d. Lo ha detto l\u2019assessore regionale del Turismo, Gianni Chessa, durante la visita alla mostra \u201cSardegna Isola Megalitica\u201d al Museo Archeologico di Salonicco, inaugurata alla presenza del viceministro degli Interni, del vicegovernatore della Regione Macedonia e del sindaco della citt\u00e0 greca.<br>La Fiera dell\u2019Archeologia, organizzata dall\u2019Assessorato regionale del Turismo in collaborazione con la Fondazione Mont \u2018e Prama, si terr\u00e0 a Cagliari, nella passeggiata coperta del Bastione di Saint Remy, nella prima met\u00e0 di settembre\u00a0e sar\u00e0 realizzata con percorsi multimediali, ricostruzioni in 3D, megaschermi, momenti di realt\u00e0 virtuale immersiva, stand, insieme ad un work shop sul turismo archeologico e momenti di confronto e di divulgazione.<br>\"Nonostante le difficolt\u00e0 e le limitazioni causate dall\u2019emergenza sanitaria, la Mostra ha finora registrato un importante successo di pubblico con oltre 213mila visitatori - ha evidenziato l'assessore Chessa - Le tappe all'estero\u00a0 rappresentano un\u2019ottima occasione per lanciare in campo internazionale alcune eccellenze archeologiche del patrimonio isolano e una grande opportunit\u00e0 per far parlare della Sardegna e delle sue bellezze storico-culturali, troppo spesso dimenticate e trascurate nei meccanismi della promozione turistica. L\u2019Isola pu\u00f2 e deve puntare anche sulle proprie risorse culturali per destagionalizzare il flusso turistico. Una strategia per far scoprire l\u2019enorme potenziale dell\u2019entroterra sardo, con l\u2019obiettivo di renderlo complementare al prodotto mare\u201d.<br>\"Con il nostro evento\u00a0di livello internazionale\u00a0sull\u2019archeologia metteremo insieme, per la prima volta, i siti museali e archeologici dell\u2019Isola, al cospetto di studiosi e giornalisti specializzati, italiani e stranieri, e ci confronteremo con altre realt\u00e0 che fanno dell\u2019archeologia un loro punto di forza. Un appuntamento di grande profilo culturale per una Sardegna pi\u00f9 appetibile e pi\u00f9 competitiva nel mercato del turismo mondiale. Le potenzialit\u00e0 del patrimonio sardo di storia, cultura e archeologia ci consentono di proporre un\u2019offerta turistica che esalti i nostri punti di forza e le peculiarit\u00e0 della nostra identit\u00e0\", ha concluso l\u2019esponente della Giunta Solinas. Com<\/p>\n","protected":false},"excerpt":{"rendered":"<p>Salonicco (Grecia), 14 Feb 2022 &#8211; \u201cIl successo ottenuto dalla mostra archeologica \u2018Sardegna Isola Megalitica\u2019 nelle tappe di Berlino e San Pietroburgo, insieme all&#8217;apprezzamento e&#8230;<\/p>\n","protected":false},"author":2,"featured_media":217606,"comment_status":"closed","ping_status":"open","sticky":false,"template":"","format":"standard","meta":[],"categories":[49,52],"tags":[],"_links":{"self":[{"href":"https:\/\/www.cronacaonline.it\/index.php\/wp-json\/wp\/v2\/posts\/217604"}],"collection":[{"href":"https:\/\/www.cronacaonline.it\/index.php\/wp-json\/wp\/v2\/posts"}],"about":[{"href":"https:\/\/www.cronacaonline.it\/index.php\/wp-json\/wp\/v2\/types\/post"}],"author":[{"embeddable":true,"href":"https:\/\/www.cronacaonline.it\/index.php\/wp-json\/wp\/v2\/users\/2"}],"replies":[{"embeddable":true,"href":"https:\/\/www.cronacaonline.it\/index.php\/wp-json\/wp\/v2\/comments?post=217604"}],"version-history":[{"count":1,"href":"https:\/\/www.cronacaonline.it\/index.php\/wp-json\/wp\/v2\/posts\/217604\/revisions"}],"predecessor-version":[{"id":217607,"href":"https:\/\/www.cronacaonline.it\/index.php\/wp-json\/wp\/v2\/posts\/217604\/revisions\/217607"}],"wp:featuredmedia":[{"embeddable":true,"href":"https:\/\/www.cronacaonline.it\/index.php\/wp-json\/wp\/v2\/media\/217606"}],"wp:attachment":[{"href":"https:\/\/www.cronacaonline.it\/index.php\/wp-json\/wp\/v2\/media?parent=217604"}],"wp:term":[{"taxonomy":"category","embeddable":true,"href":"https:\/\/www.cronacaonline.it\/index.php\/wp-json\/wp\/v2\/categories?post=217604"},{"taxonomy":"post_tag","embeddable":true,"href":"https:\/\/www.cronacaonline.it\/index.php\/wp-json\/wp\/v2\/tags?post=217604"}],"curies":[{"name":"wp","href":"https:\/\/api.w.org\/{rel}","templated":true}]}}