{"id":217546,"date":"2022-02-12T10:07:29","date_gmt":"2022-02-12T09:07:29","guid":{"rendered":"https:\/\/www.cronacaonline.it\/?p=217546"},"modified":"2022-02-12T10:07:31","modified_gmt":"2022-02-12T09:07:31","slug":"mostra-sardegna-isola-megalitica-a-salonicco-assessore-chessa-garantisce-visibilita-internazionale-alla-sardegna-ai-musei-al-patrimonio-archeologico","status":"publish","type":"post","link":"https:\/\/www.cronacaonline.it\/index.php\/2022\/02\/12\/mostra-sardegna-isola-megalitica-a-salonicco-assessore-chessa-garantisce-visibilita-internazionale-alla-sardegna-ai-musei-al-patrimonio-archeologico\/","title":{"rendered":"Mostra &#8220;Sardegna isola megalitica&#8221; a Salonicco, assessore Chessa: &#8216;garantisce visibilit\u00e0 internazionale alla Sardegna, ai musei, al patrimonio archeologico\u2019."},"content":{"rendered":"\n<p>Salonicco (Grecia), 12 febbraio 2022\u00a0\u2013 \u201cLa mostra sta garantendo visibilit\u00e0 internazionale alla Sardegna, ai suoi musei, ai suoi beni archeologici, presentandola come un punto di riferimento culturale nel Mediterraneo. Una concreta testimonianza dell'immenso patrimonio archeologico dell'Isola, in vetrina all'interno di alcuni tra i musei pi\u00f9 importanti in Europa, a dimostrazione che, oltre ai beni ambientali e paesaggistici indiscussi, la Sardegna si pu\u00f2 proporre come meta di turismo culturale, forte dell'unicit\u00e0 che la caratterizza\". Lo ha detto l\u2019assessore regionale del Turismo, Gianni Chessa, ieri, durante l'inaugurazione, al Museo Archeologico di Salonicco, della mostra \u201cSardegna Isola Megalitica. Dai menhir ai nuraghi storia di pietra nel cuore del Mediterraneo\u201d.<\/p>\n\n\n\n<p>Alla cerimonia sono intervenuti il Sindaco di Salonicco, i rappresentanti delle istituzioni greche (Governo nazionale e Regione Macedonia), del Museo greco, delle istituzioni italiane (Ambasciata, Istituto di Cultura e Camera di Commercio), della Direzione Musei della Sardegna e della Fondazione Mont'e Prama.<\/p>\n\n\n\n<p>La mostra, promossa dalla Regione coi fondi Por Fesr Sardegna 2014-2020, insieme al Museo Archeologico nazionale di Cagliari e alla direzione regionale Museo della Sardegna, col patrocinio dei Ministeri della Cultura e degli Affari esteri, la collaborazione della Fondazione di Sardegna e il coordinamento generale di Villaggio Globale, rester\u00e0 in Grecia fino al 15 maggio 2022, prima di approdare e chiudere il suo percorso al Museo Mann di Napoli dal 10 giugno al 11 settembre 2022.<\/p>\n\n\n\n<p>Come al Neues Museum di Berlino e al Museo statale Ermitage di San Pietroburgo, tra i protagonisti della mostra in Grecia \u00e8 ancora uno dei Giganti di Mont'e Prama, che ha sempre viaggiato in perfetta sicurezza, affidato ad una ditta specializzata: un pugilatore di 190 centimetri di altezza (con il piedistallo) e 300 chili di peso, rinvenuto a Cabras in frammenti tra il 1975 e il 1979.<\/p>\n\n\n\n<p>Gli oltre 250 reperti esposti (collane, bracciali, vasi, oggetti legati all\u2019ambito funerario e ai luoghi di culto, bronzetti che riproducono figure umane, maschili e femminili nei diversi ruoli della societ\u00e0, ma anche animali e altri oggetti) sono stati selezionati dalle collezioni dei musei di Cagliari, Nuoro e Sassari e sono accompagnati da un supporto didattico e multimediale.<\/p>\n\n\n\n<p>Finora, la Mostra ha visto la presenza totale di 213.400 visitatori: 96.000 a Berlino e 117.400 a San Pietroburgo.<\/p>\n\n\n\n<p>\"La mostra, che ha ricevuto anche il riconoscimento della 'Medaglia del Presidente della Repubblica', fa parte di un progetto ambizioso e di alto livello culturale e storico, che vuole posizionare la Sardegna nel mercato turistico-culturale, attirando turisti, studiosi e appassionati dall'Italia e dall\u2019estero per tutto l'anno \u2013 ha evidenziato l'assessore Chessa \u2013 Abbiamo un immenso patrimonio di nuraghi, pozzi sacri, domus de janas, tombe dei giganti che finora non sono stati valorizzati adeguatamente. Il turismo culturale \u00e8 una delle chiavi che vogliamo utilizzare per destagionalizzare i flussi turistici, valorizzando la forza della storia millenaria della Sardegna. Una terra ricca di affascinanti narrazioni che meritano di essere raccontate per far conoscere l'identit\u00e0 sarda e i numerosi siti archeologici, che rappresentano una grande opportunit\u00e0 anche per il sistema delle imprese turistiche, delle agenzie culturali e delle amministrazioni locali nei vari territori. Se i Sardi prenderanno coscienza del valore storico e culturale della propria terra si potr\u00e0 invertire anche la tendenza allo spopolamento delle zone interne, creando occasioni per l'occupazione. La Regione vuole investire maggiormente in cultura e l'archeologia deve diventare un'offerta importante del sistema turistico sardo\".<\/p>\n\n\n\n<p>\u201cA supporto di questo progetto di tutela e valorizzazione del patrimonio culturale regionale, la Regione, come ha recentemente annunciato il presidente Solinas, ha stanziato un milione di euro per la progettazione e la realizzazione di campagne di scavo archeologico nei siti di significativa rilevanza storica e culturale\u201d, ha concluso l\u2019esponente della Giunta regionale. Red<\/p>\n","protected":false},"excerpt":{"rendered":"<p>Salonicco (Grecia), 12 febbraio 2022\u00a0\u2013 \u201cLa mostra sta garantendo visibilit\u00e0 internazionale alla Sardegna, ai suoi musei, ai suoi beni archeologici, presentandola come un punto di&#8230;<\/p>\n","protected":false},"author":2,"featured_media":217548,"comment_status":"closed","ping_status":"open","sticky":false,"template":"","format":"standard","meta":[],"categories":[49,52],"tags":[],"_links":{"self":[{"href":"https:\/\/www.cronacaonline.it\/index.php\/wp-json\/wp\/v2\/posts\/217546"}],"collection":[{"href":"https:\/\/www.cronacaonline.it\/index.php\/wp-json\/wp\/v2\/posts"}],"about":[{"href":"https:\/\/www.cronacaonline.it\/index.php\/wp-json\/wp\/v2\/types\/post"}],"author":[{"embeddable":true,"href":"https:\/\/www.cronacaonline.it\/index.php\/wp-json\/wp\/v2\/users\/2"}],"replies":[{"embeddable":true,"href":"https:\/\/www.cronacaonline.it\/index.php\/wp-json\/wp\/v2\/comments?post=217546"}],"version-history":[{"count":1,"href":"https:\/\/www.cronacaonline.it\/index.php\/wp-json\/wp\/v2\/posts\/217546\/revisions"}],"predecessor-version":[{"id":217549,"href":"https:\/\/www.cronacaonline.it\/index.php\/wp-json\/wp\/v2\/posts\/217546\/revisions\/217549"}],"wp:featuredmedia":[{"embeddable":true,"href":"https:\/\/www.cronacaonline.it\/index.php\/wp-json\/wp\/v2\/media\/217548"}],"wp:attachment":[{"href":"https:\/\/www.cronacaonline.it\/index.php\/wp-json\/wp\/v2\/media?parent=217546"}],"wp:term":[{"taxonomy":"category","embeddable":true,"href":"https:\/\/www.cronacaonline.it\/index.php\/wp-json\/wp\/v2\/categories?post=217546"},{"taxonomy":"post_tag","embeddable":true,"href":"https:\/\/www.cronacaonline.it\/index.php\/wp-json\/wp\/v2\/tags?post=217546"}],"curies":[{"name":"wp","href":"https:\/\/api.w.org\/{rel}","templated":true}]}}