{"id":217528,"date":"2022-02-11T17:16:17","date_gmt":"2022-02-11T16:16:17","guid":{"rendered":"https:\/\/www.cronacaonline.it\/?p=217528"},"modified":"2022-02-11T17:16:19","modified_gmt":"2022-02-11T16:16:19","slug":"firmato-il-contratto-per-i-lavori-di-riqualificazione-di-via-roma-a-cagliari","status":"publish","type":"post","link":"https:\/\/www.cronacaonline.it\/index.php\/2022\/02\/11\/firmato-il-contratto-per-i-lavori-di-riqualificazione-di-via-roma-a-cagliari\/","title":{"rendered":"Firmato il contratto per i lavori di riqualificazione di via Roma a Cagliari."},"content":{"rendered":"\n<p>Cagliari, 11 Feb2\u00ec 2022 - Un primo passo importante per avvicinare sempre di pi\u00f9 la citt\u00e0 al mare \u00e8 stato compiuto questa mattina, venerd\u00ec 11 febbraio 2022, nella Sala del Retablo del Palazzo Civico di Cagliari dove il sindaco Paolo Truzzu e, in videoconferenza, l'architetto Stefano Boeri hanno delineato l\u2019intervento.<\/p>\n\n\n\n<p>Il progetto verr\u00e0 curato da Stefano Boeri Architetti, Mic (Mobility in Chain),&nbsp;studio Silva e la societ\u00e0 S.T.P. e Mate societ\u00e0 cooperativa, rappresentata da Raffaele Gerometta, a capo del team di progettazione.&nbsp;<\/p>\n\n\n\n<p>\u201cTeniamo molto - ha spiegato il primo cittadino - come amministrazione al tema dell'avvicinamento al mare. La caratteristica della nostra citt\u00e0 \u00e8 l'essere circondata dal mare, ma non ha spazi pubblici che ne consentano una migliore fruizione. Nella progettazione, infatti, abbiamo chiesto che si tenesse conto di questo aspetto che per noi \u00e8 fondamentale\u201d.<\/p>\n\n\n\n<p>Dieci i milioni previsti per l'intervento che prevede la riqualificazione della passeggiata di via Roma, il miglioramento del fronte del Porto e la sistemazione definitiva di Piazza Matteotti.&nbsp;<\/p>\n\n\n\n<p>\u201cUn\u2019opportunit\u00e0 importante per noi - ha aggiunto Stefano Boeri - perch\u00e9 andremo ad agire su una zona importante e delicata di Cagliari. Un punto fondamentale non solo per il rapporto tra citt\u00e0 e Porto ma anche per i flussi di attraversamento di tutta la parte costiera, per il resto della citt\u00e0. Dobbiamo trovare un equilibrio tra il traffico su ruota, su ferro, sull'altro versamento pedonale e sui collegamenti con alcuni pezzi storici come la Piazza Matteotti. Ci sono tanti temi importanti e di prospettiva che portano ad immaginare un allungamento della fruibilit\u00e0 pedonale e un aumento del verde. E stiamo ragionando per mettere insieme le diverse risorse per trovare equilibrio\u201d.&nbsp;<\/p>\n\n\n\n<p>\u201cIn questo momento storico - ha aggiunto Daniele Olla, Dirigente del Servizio Viabilit\u00e0 - \u00e8 un'opportunit\u00e0 da non perdere. Abbiamo gi\u00e0 iniziato con i primi sopralluoghi sull'area oggetto dell'intervento e abbiamo trovato subito un\u2019intesa. Ora attendiamo un progetto di ottima qualit\u00e0 e siamo molto curiosi di vedere come chiuderemo quella che per noi \u00e8 una scommessa\u201d.<\/p>\n\n\n\n<p>La parte burocratica \u00e8 stata avviata negli uffici del Segretario Generale, Giantonio Sau, dove il contratto \u00e8 stato siglato e ora scatter\u00e0 la fase operativa con i tecnici al lavoro per la progettazione alla quale seguir\u00e0 l'apertura dei cantieri.<\/p>\n\n\n\n<p>\u201cDobbiamo - ha chiuso gli interventi Raffaele Gerometta della societ\u00e0 Mate - ragionare al di fuori dell\u2019opera pubblica. Questo sar\u00e0 un progetto che consentir\u00e0 a Cagliari di entrare nella logica della competitivit\u00e0 tra citt\u00e0. Una logica di natura concorrenziale all'interno della quale Cagliari dovr\u00e0 cercare di candidarsi per offrire determinate condizioni e qualit\u00e0 sia agli investitori che alle persone che la vogliono abitare. Dovremo lavorare per una citt\u00e0 pi\u00f9 attraente, vivibile e interessante di quanto gi\u00e0 lo sia\u201d. Com<\/p>\n","protected":false},"excerpt":{"rendered":"<p>Cagliari, 11 Feb2\u00ec 2022 &#8211; Un primo passo importante per avvicinare sempre di pi\u00f9 la citt\u00e0 al mare \u00e8 stato compiuto questa mattina, venerd\u00ec 11&#8230;<\/p>\n","protected":false},"author":2,"featured_media":217529,"comment_status":"closed","ping_status":"open","sticky":false,"template":"","format":"standard","meta":[],"categories":[49,52],"tags":[],"_links":{"self":[{"href":"https:\/\/www.cronacaonline.it\/index.php\/wp-json\/wp\/v2\/posts\/217528"}],"collection":[{"href":"https:\/\/www.cronacaonline.it\/index.php\/wp-json\/wp\/v2\/posts"}],"about":[{"href":"https:\/\/www.cronacaonline.it\/index.php\/wp-json\/wp\/v2\/types\/post"}],"author":[{"embeddable":true,"href":"https:\/\/www.cronacaonline.it\/index.php\/wp-json\/wp\/v2\/users\/2"}],"replies":[{"embeddable":true,"href":"https:\/\/www.cronacaonline.it\/index.php\/wp-json\/wp\/v2\/comments?post=217528"}],"version-history":[{"count":1,"href":"https:\/\/www.cronacaonline.it\/index.php\/wp-json\/wp\/v2\/posts\/217528\/revisions"}],"predecessor-version":[{"id":217530,"href":"https:\/\/www.cronacaonline.it\/index.php\/wp-json\/wp\/v2\/posts\/217528\/revisions\/217530"}],"wp:featuredmedia":[{"embeddable":true,"href":"https:\/\/www.cronacaonline.it\/index.php\/wp-json\/wp\/v2\/media\/217529"}],"wp:attachment":[{"href":"https:\/\/www.cronacaonline.it\/index.php\/wp-json\/wp\/v2\/media?parent=217528"}],"wp:term":[{"taxonomy":"category","embeddable":true,"href":"https:\/\/www.cronacaonline.it\/index.php\/wp-json\/wp\/v2\/categories?post=217528"},{"taxonomy":"post_tag","embeddable":true,"href":"https:\/\/www.cronacaonline.it\/index.php\/wp-json\/wp\/v2\/tags?post=217528"}],"curies":[{"name":"wp","href":"https:\/\/api.w.org\/{rel}","templated":true}]}}