{"id":217526,"date":"2022-02-11T16:31:52","date_gmt":"2022-02-11T15:31:52","guid":{"rendered":"https:\/\/www.cronacaonline.it\/?p=217526"},"modified":"2022-02-11T16:31:54","modified_gmt":"2022-02-11T15:31:54","slug":"sanita-in-arrivo-nuove-tecnologie-negli-ospedali-e-nei-presidi-territoriali-il-presidente-solinas-investiamo-per-garantire-ai-sardi-cure-e-assistenza-agli-standard-piu-elevati","status":"publish","type":"post","link":"https:\/\/www.cronacaonline.it\/index.php\/2022\/02\/11\/sanita-in-arrivo-nuove-tecnologie-negli-ospedali-e-nei-presidi-territoriali-il-presidente-solinas-investiamo-per-garantire-ai-sardi-cure-e-assistenza-agli-standard-piu-elevati\/","title":{"rendered":"Sanit\u00e0, in arrivo nuove tecnologie negli ospedali e nei presidi territoriali. Il presidente Solinas: \u201cinvestiamo per garantire ai sardi cure e assistenza agli standard pi\u00f9 elevati\u201d."},"content":{"rendered":"\n<p>Cagliari\u00a011 Feb 2022\u00a0\u2013 \u201cInvestiamo sulle nuove strumentazioni guardando al presente e al futuro dell\u2019assistenza e delle cure sul nostro territorio. La sanit\u00e0 sarda ha davanti a s\u00e9 numerose sfide e adeguare le nostre strutture agli standard pi\u00f9 elevati \u00e8 un passaggio imprescindibile. L\u2019emergenza pandemica non \u00e8 ancora conclusa, ma il Covid ha cambiato radicalmente il modo di concepire i nostri sistemi sanitari. Per essere pronti a quello che verr\u00e0 dopo le nuove tecnologie rappresentano uno strumento irrinunciabile. I sardi meritano una sanit\u00e0 moderna ed efficiente e per questo continueremo sulla strada che abbiamo tracciato\u201d. Lo dichiara il Presidente della Regione, Christian Solinas, in merito al percorso di rinnovamento delle dotazioni tecnologiche dei presidi ospedalieri e territoriali della Sardegna. Attraverso l\u2019Ares, l\u2019Azienda regionale per la salute, \u00e8 in fase di realizzazione il piano di ammodernamento che porter\u00e0 nelle strutture sanitarie dell\u2019Isola nuova strumentazione di diagnostica per immagini di ultimissima generazione. In particolare \u00e8 previsto l\u2019arrivo di otto colonne endoscopiche ad altissima risoluzione e 70 ecografi di cui dodici destinati ai servizi di ginecologia e ostetricia, la cui fornitura \u00e8 gi\u00e0 stata avviata. Inoltre, per il rinnovo del parco tecnologico dei servizi territoriali sono in arrivo 58 moderni ecografi.<\/p>\n\n\n\n<p>In riferimento alle Asl \u00e8 in fase conclusiva la sostituzione di 16 sistemi radiologici di vecchia generazione con nuove strumentazioni digitali, mentre sono state formalizzate le procedure che porteranno a un importante aggiornamento della dotazione tecnologica della radioterapia dell\u2019ospedale San Francesco di Nuoro.<\/p>\n\n\n\n<p>\u201cUn segnale forte ad appena un mese dall\u2019avvio del nuovo assetto del sistema sanitario regionale\u201d, dichiara l\u2019assessore della Sanit\u00e0, Mario Nieddu. \u201cStiamo realizzando nei nostri presidi \u2013 prosegue l\u2019assessore \u2013 un ammodernamento atteso da tempo. Le nuove attrezzature porteranno benefici sia in termini di qualit\u00e0, grazie a una migliore accuratezza, sia di quantit\u00e0, attraverso una pi\u00f9 rapida esecuzione delle prestazioni. Previste nuove dotazioni su tutta l\u2019Isola, nessuno sar\u00e0 lasciato indietro\u201d. Red<\/p>\n","protected":false},"excerpt":{"rendered":"<p>Cagliari\u00a011 Feb 2022\u00a0\u2013 \u201cInvestiamo sulle nuove strumentazioni guardando al presente e al futuro dell\u2019assistenza e delle cure sul nostro territorio. La sanit\u00e0 sarda ha davanti&#8230;<\/p>\n","protected":false},"author":2,"featured_media":209098,"comment_status":"closed","ping_status":"open","sticky":false,"template":"","format":"standard","meta":[],"categories":[49,52],"tags":[],"_links":{"self":[{"href":"https:\/\/www.cronacaonline.it\/index.php\/wp-json\/wp\/v2\/posts\/217526"}],"collection":[{"href":"https:\/\/www.cronacaonline.it\/index.php\/wp-json\/wp\/v2\/posts"}],"about":[{"href":"https:\/\/www.cronacaonline.it\/index.php\/wp-json\/wp\/v2\/types\/post"}],"author":[{"embeddable":true,"href":"https:\/\/www.cronacaonline.it\/index.php\/wp-json\/wp\/v2\/users\/2"}],"replies":[{"embeddable":true,"href":"https:\/\/www.cronacaonline.it\/index.php\/wp-json\/wp\/v2\/comments?post=217526"}],"version-history":[{"count":1,"href":"https:\/\/www.cronacaonline.it\/index.php\/wp-json\/wp\/v2\/posts\/217526\/revisions"}],"predecessor-version":[{"id":217527,"href":"https:\/\/www.cronacaonline.it\/index.php\/wp-json\/wp\/v2\/posts\/217526\/revisions\/217527"}],"wp:featuredmedia":[{"embeddable":true,"href":"https:\/\/www.cronacaonline.it\/index.php\/wp-json\/wp\/v2\/media\/209098"}],"wp:attachment":[{"href":"https:\/\/www.cronacaonline.it\/index.php\/wp-json\/wp\/v2\/media?parent=217526"}],"wp:term":[{"taxonomy":"category","embeddable":true,"href":"https:\/\/www.cronacaonline.it\/index.php\/wp-json\/wp\/v2\/categories?post=217526"},{"taxonomy":"post_tag","embeddable":true,"href":"https:\/\/www.cronacaonline.it\/index.php\/wp-json\/wp\/v2\/tags?post=217526"}],"curies":[{"name":"wp","href":"https:\/\/api.w.org\/{rel}","templated":true}]}}