{"id":217521,"date":"2022-02-11T15:50:25","date_gmt":"2022-02-11T14:50:25","guid":{"rendered":"https:\/\/www.cronacaonline.it\/?p=217521"},"modified":"2022-02-11T15:50:27","modified_gmt":"2022-02-11T14:50:27","slug":"carceri-romina-mura-pd-incontro-con-ministero-su-situazione-sardegna","status":"publish","type":"post","link":"https:\/\/www.cronacaonline.it\/index.php\/2022\/02\/11\/carceri-romina-mura-pd-incontro-con-ministero-su-situazione-sardegna\/","title":{"rendered":"Carceri, Romina Mura (Pd): incontro con Ministero su situazione Sardegna."},"content":{"rendered":"\n<p>Cagliari, 11 Feb 2022 - \u201cPiena disponibilit\u00e0 a mettere a servizio il mio ruolo istituzionale coinvolgendo i colleghi parlamentari sardi per favorire un incontro a Roma tra i sindacati del personale di Polizia Penitenziaria, i vertici del Dipartimento dell'Amministrazione penitenziaria e il sottosegretario Sisto. \u00c8 il momento di aprire un\u2019interlocuzione con il Ministero della Giustizia sulla situazione delle carceri sarde. Perch\u00e9 chi opera nei penitenziari non deve essere considerato un lavoratore di serie B, ma anzi gli \u00e8 affidata una grande responsabilit\u00e0 dato che la qualit\u00e0 del sistema carcerario dipende anche dalle condizioni di lavoro di chi vi opera\u201d.<\/p>\n\n\n\n<p>Lo afferma in una nota la presidente della commissione Lavoro della Camera Romina Mura (Pd), intervenendo oggi a Cagliari alla conferenza stampa di tutte le sigle sindacali del personale di polizia penitenziaria in Sardegna, che hanno proclamato unitariamente dai sindacati lo stato di agitazione permanente denunciando carenze di organico e di sicurezza.<\/p>\n\n\n\n<p>\u201cAlla situazione oggettivamente pesante in cui versano le carceri sarde \u2013 ha aggiunto la parlamentare dem \u2013 si sommano le carenze della sanit\u00e0 regionale, a causa delle quali permane lo scandalo della detenzione dei malati psichiatrici. Dopo la chiusura degli Opg avrebbero dovuto essere attivate le residenze per l\u2019esecuzione delle misure di sicurezza (Rems) ma su questo punto la Regione finora ha latitato. Sono drammi umani aggravati dalla pandemia e \u2013 conclude - problemi ulteriori per il personale lasciato a gestire malati che non dovrebbero stare in carcere\u201d. Com<\/p>\n","protected":false},"excerpt":{"rendered":"<p>Cagliari, 11 Feb 2022 &#8211; \u201cPiena disponibilit\u00e0 a mettere a servizio il mio ruolo istituzionale coinvolgendo i colleghi parlamentari sardi per favorire un incontro a&#8230;<\/p>\n","protected":false},"author":2,"featured_media":217522,"comment_status":"closed","ping_status":"open","sticky":false,"template":"","format":"standard","meta":[],"categories":[49,52],"tags":[],"_links":{"self":[{"href":"https:\/\/www.cronacaonline.it\/index.php\/wp-json\/wp\/v2\/posts\/217521"}],"collection":[{"href":"https:\/\/www.cronacaonline.it\/index.php\/wp-json\/wp\/v2\/posts"}],"about":[{"href":"https:\/\/www.cronacaonline.it\/index.php\/wp-json\/wp\/v2\/types\/post"}],"author":[{"embeddable":true,"href":"https:\/\/www.cronacaonline.it\/index.php\/wp-json\/wp\/v2\/users\/2"}],"replies":[{"embeddable":true,"href":"https:\/\/www.cronacaonline.it\/index.php\/wp-json\/wp\/v2\/comments?post=217521"}],"version-history":[{"count":1,"href":"https:\/\/www.cronacaonline.it\/index.php\/wp-json\/wp\/v2\/posts\/217521\/revisions"}],"predecessor-version":[{"id":217523,"href":"https:\/\/www.cronacaonline.it\/index.php\/wp-json\/wp\/v2\/posts\/217521\/revisions\/217523"}],"wp:featuredmedia":[{"embeddable":true,"href":"https:\/\/www.cronacaonline.it\/index.php\/wp-json\/wp\/v2\/media\/217522"}],"wp:attachment":[{"href":"https:\/\/www.cronacaonline.it\/index.php\/wp-json\/wp\/v2\/media?parent=217521"}],"wp:term":[{"taxonomy":"category","embeddable":true,"href":"https:\/\/www.cronacaonline.it\/index.php\/wp-json\/wp\/v2\/categories?post=217521"},{"taxonomy":"post_tag","embeddable":true,"href":"https:\/\/www.cronacaonline.it\/index.php\/wp-json\/wp\/v2\/tags?post=217521"}],"curies":[{"name":"wp","href":"https:\/\/api.w.org\/{rel}","templated":true}]}}