{"id":217519,"date":"2022-02-11T15:31:17","date_gmt":"2022-02-11T14:31:17","guid":{"rendered":"https:\/\/www.cronacaonline.it\/?p=217519"},"modified":"2022-02-11T15:31:19","modified_gmt":"2022-02-11T14:31:19","slug":"volumi-idrici-preassegnata-la-quantita-dacqua-per-la-campagna-irrigua-nessuna-restrizione-prevista-per-luso-potabile-nel-2022","status":"publish","type":"post","link":"https:\/\/www.cronacaonline.it\/index.php\/2022\/02\/11\/volumi-idrici-preassegnata-la-quantita-dacqua-per-la-campagna-irrigua-nessuna-restrizione-prevista-per-luso-potabile-nel-2022\/","title":{"rendered":"Volumi idrici, preassegnata la quantit\u00e0 d\u2019acqua per la campagna irrigua. Nessuna restrizione prevista per l\u2019uso potabile nel 2022."},"content":{"rendered":"\n<p>Cagliari, 11 Feb 2022\u00a0-\u00a0Volumi idrici garantiti per l\u2019agricoltura, nessuna restrizione per l\u2019acqua potabile. Sono stati pre-assegnati questa mattina nel corso della seduta del Comitato istituzionale dell\u2019Autorit\u00e0 di Bacino della Sardegna i volumi idrici per la campagna 2022 con l\u2019obiettivo di consentire\u00a0ai Consorzi di Bonifica - per i quali sono stati al momento previsti\u00a0435.50 milioni di metri cubi d\u2019acqua -\u00a0la programmazione, con sufficiente anticipo, della campagna irrigua, dando certezze agli agricoltori sulla risorsa disponibile. A met\u00e0 del mese di maggio, sulla base delle risorse invasate nei serbatoi del Sistema idrico multisettoriale, il Comitato istituzionale proceder\u00e0 con l\u2019assegnazione definitiva al comparto irriguo e con l\u2019assegnazione agli altri comparti di utilizzo, ovvero quello potabile e quello industriale, per i quali non si prevedono restrizioni.<\/p>\n\n\n\n<p>\u201cLa gestione dell\u2019acqua, per una regione come la Sardegna, richiede un\u2019attenzione particolare e la capacit\u00e0 di governare al meglio la risorsa disponibile \u2013 ha spiegato l\u2019Assessore dei Lavori Pubblici, Aldo Salaris, a margine dell\u2019incontro in videoconferenza - Oggi, grazie al buono stato di riempimento degli invasi, alla forte interconnessione dei sistemi idrici e alla efficace governance del sistema a salvaguardia delle assegnazioni della risorsa per i diversi utilizzi con massima garanzia per l\u2019uso idropotabile, \u00e8 stato possibile garantire, gi\u00e0 in sede di pre-assegnazione, una dotazione ottimale (assenza di restrizioni) alla quasi totalit\u00e0&nbsp;delle utenze irrigue. Siamo riusciti a farlo \u2013 ha proseguito l\u2019esponente della Giunta Sarda - nonostante il periodo estremamente siccitoso che sta riguardando anche il nostro territorio a partire dalla seconda decade di dicembre\u201d. Un altro punto di vantaggio per la Sardegna sul fronte idrico \u00e8 rappresentato, secondo l\u2019Assessore Salaris, dall\u2019impegno profuso per l\u2019erogazione di acqua potabile: \u201cGrazie alla risorsa invasata, sufficiente per garantire il fabbisogno, prevediamo un\u2019estate senza restrizioni nel corso della quale il gestore del servizio idrico, Abbanoa, potr\u00e0 garantire la quantit\u00e0 sufficiente di risorsa\u201d, ha concluso l\u2019Assessore.<\/p>\n\n\n\n<p>Solo in due comprensori, Valle dei giunchi alimentato dall\u2019invaso del Bidighinzu e Posada alimentato dall\u2019invaso di Maccheronis, il Comitato ha prudentemente deciso di non prevedere, per il momento, alcuna pre-assegnazione e di attendere l\u2019evoluzione idrologica delle prossime settimane, monitorando attentamente le risorse invasate nei serbatoi Bidighinzu e Maccheronis.<\/p>\n\n\n\n<p>Guardando al dettaglio dei volumi idrici, al Consorzio di bonifica&nbsp;&nbsp;della Nurra (alimentato dai sistemi idrici Temo-Cuga-Surigheddu e Coghinas: Truncu Reale, La Crucca) sono stati preassegnati 31 Mmc; al Consorzio di bonifica del Nord Sardegna (alimentato dai sistemi idrici Nord Occidentale Alto Coghinas-Monte Lerno; Nord Occidentale Coghinas - Traversa Donigazza; Nord Occidentale Coghinas Casteldoria-ENEL) 31,5 Mmc; al Consorzio di bonifica&nbsp;&nbsp;della Gallura (sistema idrico del Liscia) 22 Mmc; al Consorzio di bonifica&nbsp;&nbsp;della Sardegna Centrale (Cedrino, Tirso) 23 Mmc. Per quanto riguarda il comprensorio gestito dal Consorzio di Bonifica dell\u2019Oristanese, grazie al collaudo parziale della diga di Cantoniera e al conseguente incremento del volume utile di regolazione, sono stati pre-assegnati 160 Mmc consentendo di soddisfare integralmente la programmazione e un migliore sfruttamento della superficie attrezzata.<\/p>\n\n\n\n<p>Ancora: al Consorzio di bonifica&nbsp;dell'Ogliastra (Alto Flumendosa-Santa Lucia) sono stati preassegnati 14Mmc; al Consorzio di bonifica della Sardegna Meridionale (Flumendosa-Campidano-Cixerri - P.ta Gennarta-Medau Zirimilis) 7Mmc; al Consorzio di bonifica&nbsp;della Sardegna Meridionale (Sulcis, Monte Pranu) 10 Mmc; al Consorzio di bonifica della Sardegna Meridionale (Flumendosa-Campidano-Cixerri) 130 Mmc; al Consorzio di bonifica&nbsp;della Sardegna Meridionale \u2013 O.N.C.&nbsp;(Flumendosa-Campidano-Cixerri) 6 Mmc; al Consorzio di bonifica&nbsp;della Sardegna Meridionale \u2013 Isili Nord (Flumendosa-Campidano-Cixerri) 1 mmc. Com<\/p>\n","protected":false},"excerpt":{"rendered":"<p>Cagliari, 11 Feb 2022\u00a0&#8211;\u00a0Volumi idrici garantiti per l\u2019agricoltura, nessuna restrizione per l\u2019acqua potabile. Sono stati pre-assegnati questa mattina nel corso della seduta del Comitato istituzionale&#8230;<\/p>\n","protected":false},"author":2,"featured_media":208753,"comment_status":"closed","ping_status":"open","sticky":false,"template":"","format":"standard","meta":[],"categories":[49,52],"tags":[],"_links":{"self":[{"href":"https:\/\/www.cronacaonline.it\/index.php\/wp-json\/wp\/v2\/posts\/217519"}],"collection":[{"href":"https:\/\/www.cronacaonline.it\/index.php\/wp-json\/wp\/v2\/posts"}],"about":[{"href":"https:\/\/www.cronacaonline.it\/index.php\/wp-json\/wp\/v2\/types\/post"}],"author":[{"embeddable":true,"href":"https:\/\/www.cronacaonline.it\/index.php\/wp-json\/wp\/v2\/users\/2"}],"replies":[{"embeddable":true,"href":"https:\/\/www.cronacaonline.it\/index.php\/wp-json\/wp\/v2\/comments?post=217519"}],"version-history":[{"count":1,"href":"https:\/\/www.cronacaonline.it\/index.php\/wp-json\/wp\/v2\/posts\/217519\/revisions"}],"predecessor-version":[{"id":217520,"href":"https:\/\/www.cronacaonline.it\/index.php\/wp-json\/wp\/v2\/posts\/217519\/revisions\/217520"}],"wp:featuredmedia":[{"embeddable":true,"href":"https:\/\/www.cronacaonline.it\/index.php\/wp-json\/wp\/v2\/media\/208753"}],"wp:attachment":[{"href":"https:\/\/www.cronacaonline.it\/index.php\/wp-json\/wp\/v2\/media?parent=217519"}],"wp:term":[{"taxonomy":"category","embeddable":true,"href":"https:\/\/www.cronacaonline.it\/index.php\/wp-json\/wp\/v2\/categories?post=217519"},{"taxonomy":"post_tag","embeddable":true,"href":"https:\/\/www.cronacaonline.it\/index.php\/wp-json\/wp\/v2\/tags?post=217519"}],"curies":[{"name":"wp","href":"https:\/\/api.w.org\/{rel}","templated":true}]}}