{"id":217471,"date":"2022-02-10T17:09:57","date_gmt":"2022-02-10T16:09:57","guid":{"rendered":"https:\/\/www.cronacaonline.it\/?p=217471"},"modified":"2022-02-10T17:10:00","modified_gmt":"2022-02-10T16:10:00","slug":"lingua-sarda-assessore-alla-pubblica-istruzione-andrea-biancareddu-al-via-nuovi-progetti-della-regione-sardegna-per-la-standardizzazione-ortografica-delle-varieta-della-lingua-e-per-la-certificazio","status":"publish","type":"post","link":"https:\/\/www.cronacaonline.it\/index.php\/2022\/02\/10\/lingua-sarda-assessore-alla-pubblica-istruzione-andrea-biancareddu-al-via-nuovi-progetti-della-regione-sardegna-per-la-standardizzazione-ortografica-delle-varieta-della-lingua-e-per-la-certificazio\/","title":{"rendered":"Lingua sarda &#8211; Assessore alla Pubblica Istruzione Andrea Biancareddu: al via nuovi progetti della Regione Sardegna per la standardizzazione ortografica delle variet\u00e0 della lingua e per la certificazione linguistica degli esperti qualificati."},"content":{"rendered":"\n<p>Cagliari, 10 Feb 2022 \u2013\u00a0Salvaguardare tutte le varianti del Sardo nel loro valore sociale e culturale. L\u2019uso corretto e codificato si pone quale elemento fondamentale di identit\u00e0 culturale e come mezzo primario di trasmissione dei relativi valori, come garanzia dell\u2019esistenza e della continuit\u00e0 del nostro patrimonio, lascito di una grande civilt\u00e0. L\u2019assessore alla Pubblica Istruzione Andrea Biancareddu - afferma in una nota \u2013 informa inoltre che sono aperte le iscrizioni per \"NARA\u05bc MI\", il procedimento che serve a rilasciare la certificazione della conoscenza orale della lingua sarda, del catalano di Alghero, e delle variet\u00e0 alloglotte sassarese, gallurese e tabarchino. Per il secondo anno consecutivo l\u2019Assessorato della Pubblica Istruzione avvia i moduli per la certificazione della conoscenza orale, che sar\u00e0 considerata titolo di ammissibilit\u00e0 per partecipare, in veste di esperto d\u2019ambito o di collaboratore, ai Laboratori Extracurriculari Didattici. Sar\u00e0, altres\u00ec considerato titolo valutabile solamente all\u2019interno dei curriculum dei progetti relativi alla produzione di programmi televisivi o radiofonici in lingua sarda, catalano di Alghero, sassarese, gallurese e tabarchino, trasmessi con ogni mezzo di diffusione. La certificazione non avr\u00e0 invece alcun valore per altri tipi di progetto finanziato dalla RAS.<\/p>\n\n\n\n<p>Le persone interessate a ottenere la certificazione linguistica orale per partecipare in veste di esperto d\u2019ambito o di collaboratore nei Laboratori Extracurriculari Didattici e per la produzione di programmi televisivi o radiofonici trasmessi con ogni mezzo di diffusione in lingua sarda, catalano di Alghero sassarese, gallurese e tabarchino, devono avere almeno 18 anni di et\u00e0 e potranno sostenere l\u2019esame orale nella variet\u00e0 linguistica che gli \u00e8 propria. La certificazione NARA.MI conseguita nel 2021 mantiene la sua validit\u00e0.<\/p>\n\n\n\n<p>I lavori per la standardizzazione ortografica prevedono incontri pubblici per la condivisione e la discussione delle proposte con la popolazione dei territori coinvolti, al fine di informare sullo stato di avanzamento dei progetti, favorendo e ottimizzando al contempo la divulgazione, la conoscenza e l'importanza dello sviluppo delle variet\u00e0 linguistiche, con la consapevolezza che il gallurese, il sassarese e il tabarchino&nbsp;&nbsp;costituiscono un patrimonio linguistico-culturale identitario primario ed essenziale per le&nbsp;&nbsp;popolazioni e i territori coinvolti e per la Sardegna intera.<\/p>\n\n\n\n<p>Dal canto suo \u2013 aggiunge il Presidente della Regione Sardegna Christian Solinas \u2013 che i progetti per la standardizzazione ortografica del sassarese (comprendente anche le variet\u00e0 di Porto Torres e Stintino), del tabarchino (di Carloforte e Calasetta) e del gallurese (compresa anche la variet\u00e0 di Castelsardo e l'isulanu di La Maddalena). Gli interventi sono volti all\u2019individuazione di un codice ortografico valido in tutto il territorio di competenza e utilizzabile anche dalla Regione Autonoma Sardegna (Ras), con l'impiego della lingua scritta per tutti gli usi, dal letterario all'amministrativo, passando per la scuola e la toponomastica, cos\u00ec da amplificarne la visibilit\u00e0 e la presenza. L\u2019approccio alle diverse variet\u00e0 linguistiche potr\u00e0 avvenire in modo costante e coerente, grazie a un sistema di convenzioni grafiche adottate che si riferiscono ai fenomeni della lingua parlata. Gli Enti beneficiari dei finanziamenti sono il Comune di Olbia per il gallurese, il Comune di Sassari per il sassarese e il Comune di Carloforte per il tabarchino.&nbsp;<\/p>\n\n\n\n<p>Le domande di partecipazione dovranno essere inviate entro il 28 febbraio prossimo unicamente via PEC esclusivamente alla casella<a href=\"javascript:webmail.View.mailto(%7bmailto:'pi.cultura.sarda%40pec.regione.sardegna.it.',%20subject:%20''%7d)\">&nbsp;pi.cultura.sarda@pec.regione.sardegna.it.<\/a><\/p>\n","protected":false},"excerpt":{"rendered":"<p>Cagliari, 10 Feb 2022 \u2013\u00a0Salvaguardare tutte le varianti del Sardo nel loro valore sociale e culturale. L\u2019uso corretto e codificato si pone quale elemento fondamentale&#8230;<\/p>\n","protected":false},"author":2,"featured_media":196029,"comment_status":"closed","ping_status":"open","sticky":false,"template":"","format":"standard","meta":[],"categories":[49,52],"tags":[],"_links":{"self":[{"href":"https:\/\/www.cronacaonline.it\/index.php\/wp-json\/wp\/v2\/posts\/217471"}],"collection":[{"href":"https:\/\/www.cronacaonline.it\/index.php\/wp-json\/wp\/v2\/posts"}],"about":[{"href":"https:\/\/www.cronacaonline.it\/index.php\/wp-json\/wp\/v2\/types\/post"}],"author":[{"embeddable":true,"href":"https:\/\/www.cronacaonline.it\/index.php\/wp-json\/wp\/v2\/users\/2"}],"replies":[{"embeddable":true,"href":"https:\/\/www.cronacaonline.it\/index.php\/wp-json\/wp\/v2\/comments?post=217471"}],"version-history":[{"count":1,"href":"https:\/\/www.cronacaonline.it\/index.php\/wp-json\/wp\/v2\/posts\/217471\/revisions"}],"predecessor-version":[{"id":217472,"href":"https:\/\/www.cronacaonline.it\/index.php\/wp-json\/wp\/v2\/posts\/217471\/revisions\/217472"}],"wp:featuredmedia":[{"embeddable":true,"href":"https:\/\/www.cronacaonline.it\/index.php\/wp-json\/wp\/v2\/media\/196029"}],"wp:attachment":[{"href":"https:\/\/www.cronacaonline.it\/index.php\/wp-json\/wp\/v2\/media?parent=217471"}],"wp:term":[{"taxonomy":"category","embeddable":true,"href":"https:\/\/www.cronacaonline.it\/index.php\/wp-json\/wp\/v2\/categories?post=217471"},{"taxonomy":"post_tag","embeddable":true,"href":"https:\/\/www.cronacaonline.it\/index.php\/wp-json\/wp\/v2\/tags?post=217471"}],"curies":[{"name":"wp","href":"https:\/\/api.w.org\/{rel}","templated":true}]}}