{"id":217469,"date":"2022-02-10T14:50:48","date_gmt":"2022-02-10T13:50:48","guid":{"rendered":"https:\/\/www.cronacaonline.it\/?p=217469"},"modified":"2022-02-10T14:50:53","modified_gmt":"2022-02-10T13:50:53","slug":"ponte-di-marceddi-risorse-per-la-messa-in-sicurezza-gia-disponibili-il-presidente-solinas-opera-strategica-per-leconomia-del-territorio","status":"publish","type":"post","link":"https:\/\/www.cronacaonline.it\/index.php\/2022\/02\/10\/ponte-di-marceddi-risorse-per-la-messa-in-sicurezza-gia-disponibili-il-presidente-solinas-opera-strategica-per-leconomia-del-territorio\/","title":{"rendered":"Ponte di Marcedd\u00ec, risorse per la messa in sicurezza gi\u00e0 disponibili. Il presidente Solinas: \u201copera strategica per l\u2019economia del territorio\u201d."},"content":{"rendered":"\n<p>Cagliari, 10 Feb 2022 \u2013\u00a0Sono gi\u00e0 state previste e verranno stanziate a breve le risorse per i lavori di messa in sicurezza del ponte di Marcedd\u00ec, ritenuto strategico dalla Regione in quanto collegamento principale tra l\u2019oristanese e la costa di Arbus fino ad arrivare all\u2019iglesiente lungo la costa sud-Occidentale. Il finanziamento regionale \u00e8 gi\u00e0 disponibile e riguarda un progetto complessivo di 5 milioni di euro ripartito su base triennale: per il 2022 verranno stanziati 500mila euro, 1 milione riguarder\u00e0 il 2023 e 3,5 milioni saranno messi a disposizione per il 2024.\u00a0<\/p>\n\n\n\n<p>\u201cIl progetto consentir\u00e0 di garantire maggior efficienza e sicurezza all\u2019infrastruttura e per questo rientra tra le priorit\u00e0 della Regione, che gi\u00e0 aveva gi\u00e0 riservato le risorse necessarie per la copertura dell\u2019intervento\u201d, ha spiegato il Presidente Solinas, parlando di \u201copera strategica per la mobilit\u00e0 e l\u2019economia del territorio\u201d. \u201cPoter contare su infrastrutture all\u2019altezza delle sfide moderne \u00e8 la chiave per combattere la perdita di competitivit\u00e0 dei territori\u201d, ha concluso il Presidente.<\/p>\n\n\n\n<p>Le risorse saranno rese disponibili non appena verr\u00e0 approvata la Finanziaria, in corso di discussione in Consiglio regionale. La Giunta potr\u00e0 a quel punto deliberare di iscrivere e destinare le risorse al rilancio dell\u2019infrastruttura.&nbsp;Com<\/p>\n","protected":false},"excerpt":{"rendered":"<p>Cagliari, 10 Feb 2022 \u2013\u00a0Sono gi\u00e0 state previste e verranno stanziate a breve le risorse per i lavori di messa in sicurezza del ponte di&#8230;<\/p>\n","protected":false},"author":2,"featured_media":196032,"comment_status":"closed","ping_status":"open","sticky":false,"template":"","format":"standard","meta":[],"categories":[49,52],"tags":[],"_links":{"self":[{"href":"https:\/\/www.cronacaonline.it\/index.php\/wp-json\/wp\/v2\/posts\/217469"}],"collection":[{"href":"https:\/\/www.cronacaonline.it\/index.php\/wp-json\/wp\/v2\/posts"}],"about":[{"href":"https:\/\/www.cronacaonline.it\/index.php\/wp-json\/wp\/v2\/types\/post"}],"author":[{"embeddable":true,"href":"https:\/\/www.cronacaonline.it\/index.php\/wp-json\/wp\/v2\/users\/2"}],"replies":[{"embeddable":true,"href":"https:\/\/www.cronacaonline.it\/index.php\/wp-json\/wp\/v2\/comments?post=217469"}],"version-history":[{"count":1,"href":"https:\/\/www.cronacaonline.it\/index.php\/wp-json\/wp\/v2\/posts\/217469\/revisions"}],"predecessor-version":[{"id":217470,"href":"https:\/\/www.cronacaonline.it\/index.php\/wp-json\/wp\/v2\/posts\/217469\/revisions\/217470"}],"wp:featuredmedia":[{"embeddable":true,"href":"https:\/\/www.cronacaonline.it\/index.php\/wp-json\/wp\/v2\/media\/196032"}],"wp:attachment":[{"href":"https:\/\/www.cronacaonline.it\/index.php\/wp-json\/wp\/v2\/media?parent=217469"}],"wp:term":[{"taxonomy":"category","embeddable":true,"href":"https:\/\/www.cronacaonline.it\/index.php\/wp-json\/wp\/v2\/categories?post=217469"},{"taxonomy":"post_tag","embeddable":true,"href":"https:\/\/www.cronacaonline.it\/index.php\/wp-json\/wp\/v2\/tags?post=217469"}],"curies":[{"name":"wp","href":"https:\/\/api.w.org\/{rel}","templated":true}]}}