{"id":217466,"date":"2022-02-10T13:31:07","date_gmt":"2022-02-10T12:31:07","guid":{"rendered":"https:\/\/www.cronacaonline.it\/?p=217466"},"modified":"2022-02-10T13:31:09","modified_gmt":"2022-02-10T12:31:09","slug":"strada-129-a-fine-marzo-lavvio-dei-lavori-nel-tratto-piu-pericoloso-lassessore-salaris-impegnati-con-il-ministero-per-la-messa-in-sicurezza-dellintera-arteria","status":"publish","type":"post","link":"https:\/\/www.cronacaonline.it\/index.php\/2022\/02\/10\/strada-129-a-fine-marzo-lavvio-dei-lavori-nel-tratto-piu-pericoloso-lassessore-salaris-impegnati-con-il-ministero-per-la-messa-in-sicurezza-dellintera-arteria\/","title":{"rendered":"Strada 129, a fine marzo l\u2019avvio dei lavori nel tratto pi\u00f9 pericoloso. L\u2019assessore Salaris: \u201cimpegnati con il ministero per la messa in sicurezza dell\u2019intera arteria\u201d."},"content":{"rendered":"\n<p>Cagliari, 10 Feb 2022 \u2013\u00a0\u201cLa sicurezza stradale \u00e8 una condizione dalla quale non possiamo prescindere perch\u00e9 significa avere\u00a0rispetto per la vita umana e per la persona umana. La Sardegna ha pianto gi\u00e0 troppe croci sulle strade, il nostro impegno \u00e8 volto a garantire migliori standard di percorribilit\u00e0 delle arterie e pi\u00f9 efficienza delle infrastrutture viarie per far decrescere la percentuale di incidenti mortali, che purtroppo colloca la Sardegna sopra la media nazionale\u201d.\u00a0\u00a0Lo ha detto l\u2019Assessore dei Lavori Pubblici, Aldo Salaris, nel corso dell\u2019incontro sulla Statale 129 (tratto Nuoro-Macomer, in territorio di Orotelli) avvenuto in mattinata nella sede dell\u2019Assessorato dei Lavori Pubblici, a cui hanno partecipato, oltre ad Anas, anche i rappresentanti dell\u2019Associazione Pintor\u201d, nata per ricordare i fratelli nuoresi Francesco e Matteo Pintor, morti in un incidente stradale proprio su quel tratto di strada il giorno di Natale di cinque anni fa e per portare avanti azioni di sensibilizzazione sullo stato delle strade sarde.<\/p>\n\n\n\n<p>L\u2019assessore Salaris ha parlato di intervento necessario e urgente \u201cper far s\u00ec che nessuno possa pi\u00f9 piangere la morte di un figlio, di un fratello, di un amico a causa della pericolosit\u00e0 di una strada. Siamo impegnati con tutte le nostre forze per dotare la rete viaria sarda di una rete moderna e sicura e, in questo piano complessivo di ammodernamento, per mettere in sicurezza la 129\u201d.<\/p>\n\n\n\n<p>Guardando al dettaglio dell\u2019intervento che partir\u00e0 alla fine del prossimo mese, Anas aveva approvato a met\u00e0 dicembre il progetto definitivo per la rettifica plano-altimetrica di circa 1 km della \"Trasversale Sarda\". L\u2019intervento, del valore di 4,3 milioni di euro, consiste nella rettifica del tracciato tra il km 63,700 e il km 64,700 con il miglioramento degli standard di sicurezza della strada. I lavori saranno realizzati mediante l\u2019utilizzo di accordi quadro gi\u00e0 disponibili e pertanto saranno annullati i tempi della procedura di gara. I tempi di realizzazione delle opere, dal momento dell\u2019avvio dei lavori, sono stimati in circa 400 giorni e partiranno alla fine di marzo (entro febbraio sar\u00e0 possibile procedere con le notifiche di esproprio, per i primi di marzo Anas potr\u00e0 entrare nell\u2019area oggetto di intervento). Guardando alla messa in sicurezza della 129 nel suo complesso, l\u2019Assessorato dei Lavori Pubblici ha chiesto al Ministero che venga inserito nel contratto di programma Anas, quindi nelle opere che Anas deve eseguire, il progetto per la messa in sicurezza e adeguamento della strada statale 129 nel tratto fra Macomer e la 131 Dcn, il tratto cio\u00e8 pi\u00f9 trafficato. Sar\u00e0 lo studio a determinare quali saranno i futuri interventi. Red<\/p>\n","protected":false},"excerpt":{"rendered":"<p>Cagliari, 10 Feb 2022 \u2013\u00a0\u201cLa sicurezza stradale \u00e8 una condizione dalla quale non possiamo prescindere perch\u00e9 significa avere\u00a0rispetto per la vita umana e per la&#8230;<\/p>\n","protected":false},"author":2,"featured_media":217467,"comment_status":"closed","ping_status":"open","sticky":false,"template":"","format":"standard","meta":[],"categories":[49,52],"tags":[],"_links":{"self":[{"href":"https:\/\/www.cronacaonline.it\/index.php\/wp-json\/wp\/v2\/posts\/217466"}],"collection":[{"href":"https:\/\/www.cronacaonline.it\/index.php\/wp-json\/wp\/v2\/posts"}],"about":[{"href":"https:\/\/www.cronacaonline.it\/index.php\/wp-json\/wp\/v2\/types\/post"}],"author":[{"embeddable":true,"href":"https:\/\/www.cronacaonline.it\/index.php\/wp-json\/wp\/v2\/users\/2"}],"replies":[{"embeddable":true,"href":"https:\/\/www.cronacaonline.it\/index.php\/wp-json\/wp\/v2\/comments?post=217466"}],"version-history":[{"count":1,"href":"https:\/\/www.cronacaonline.it\/index.php\/wp-json\/wp\/v2\/posts\/217466\/revisions"}],"predecessor-version":[{"id":217468,"href":"https:\/\/www.cronacaonline.it\/index.php\/wp-json\/wp\/v2\/posts\/217466\/revisions\/217468"}],"wp:featuredmedia":[{"embeddable":true,"href":"https:\/\/www.cronacaonline.it\/index.php\/wp-json\/wp\/v2\/media\/217467"}],"wp:attachment":[{"href":"https:\/\/www.cronacaonline.it\/index.php\/wp-json\/wp\/v2\/media?parent=217466"}],"wp:term":[{"taxonomy":"category","embeddable":true,"href":"https:\/\/www.cronacaonline.it\/index.php\/wp-json\/wp\/v2\/categories?post=217466"},{"taxonomy":"post_tag","embeddable":true,"href":"https:\/\/www.cronacaonline.it\/index.php\/wp-json\/wp\/v2\/tags?post=217466"}],"curies":[{"name":"wp","href":"https:\/\/api.w.org\/{rel}","templated":true}]}}