{"id":217419,"date":"2022-02-09T13:53:53","date_gmt":"2022-02-09T12:53:53","guid":{"rendered":"https:\/\/www.cronacaonline.it\/?p=217419"},"modified":"2022-02-09T13:54:33","modified_gmt":"2022-02-09T12:54:33","slug":"rifiuti-urbani-assessore-lampis-la-sardegna-si-conferma-seconda-regione-in-italia-nella-raccolta-differenziata","status":"publish","type":"post","link":"https:\/\/www.cronacaonline.it\/index.php\/2022\/02\/09\/rifiuti-urbani-assessore-lampis-la-sardegna-si-conferma-seconda-regione-in-italia-nella-raccolta-differenziata\/","title":{"rendered":"Rifiuti urbani, assessore Lampis: \u2018la Sardegna si conferma seconda regione in Italia nella raccolta differenziata\u2019."},"content":{"rendered":"\n<p>Cagliari,\u00a09 Feb 2022 \u2013\u00a0\u201cGrazie all\u2019impegno costante di cittadini, amministrazioni locali e Regione, nel 2020 la Sardegna si \u00e8 confermata, come certificato anche dall\u2019Ispra, la seconda regione in Italia per la quantit\u00e0 di rifiuti urbani raccolti in maniera differenziata rispetto alla quantit\u00e0 totale di rifiuti prodotti\u201d. Lo ha sottolineato l\u2019assessore regionale della Difesa dell\u2019ambiente, Gianni Lampis, presentando i dati contenuti nel \u2018Rapporto sulla gestione dei rifiuti urbani in Sardegna\u2019, predisposto dall\u2019Agenzia regionale per la protezione dell\u2019ambiente della Sardegna (Arpas), che evidenzia come, rispetto al 2019, la percentuale di raccolta differenziata \u00e8 aumentata dal 72,9% al 74,22% (+1,32), determinando\u00a0un identico incremento della percentuale di rifiuti avviati a riciclaggio.<\/p>\n\n\n\n<p>L\u2019Assessore ha illustrato anche alcuni dati territoriali: 79,39% di raccolta differenziata nella provincia di Oristano; 78,05% in quella di Nuoro; 77,76% nel Sud Sardegna; 73,30% nella Citt\u00e0 metropolitana di Cagliari; 70,34% nella provincia di Sassari. E' aumentato il numero dei Comuni che hanno superato l\u2019obiettivo di legge del 65%: 366 Comuni su 377, per una popolazione complessiva del 91%: \u201cUn risultato in cui spicca il risultato di Cagliari \u2013 ha evidenziato l\u2019Assessore della Difesa dell\u2019ambiente \u2013 che ha migliorato il proprio dato di circa 5 punti percentuali (69,94%). Inoltre, sono 144 Comuni che hanno superato l\u201980% di raccolta differenziata. A livello provinciale, tutti i territori hanno superato il 70%, compresa, per la prima volta, la provincia di Sassari, nonostante la prestazione non ancora efficace del Capoluogo, unico centro sardo sopra i 30.000 abitanti a non aver adottato il porta a porta estensivo su tutto il territorio e a non aver raggiunto il 60% di raccolta differenziata. I Comuni che hanno superato la percentuale dell\u201980% si confermano quelli interessati da importanti flussi turistici, come Orosei, Siniscola e Tortol\u00ec, affiancati da alcuni meno popolosi, come Monti, Sant\u2019Antonio di Gallura e Ussassai, nonch\u00e9 da interi territori nei quali i servizi di raccolta sono gestiti in maniera associata, come l\u2019Associazione dei Comuni di Irgoli, Loculi, Onifai e Galtell\u00ec, la Comunit\u00e0 montana del Gennargentu Mandrolisai (Aritzo, Atzara, Austis, Belv\u00ec, Desulo, Gadoni, Meana Sardo, Ortueri, Sorgono, Teti e Tonara)&nbsp;e l\u2019Unione della Trexenta (Gesico, Guamaggiore, Guasila, Ortacesus, Pimentel, Selegas, Senorb\u00ec, Siurgus Donigala e Suelli)\u201d.<\/p>\n\n\n\n<p>I risultati del 2020 sono stati condizionati dalla pandemia, infatti la produzione complessiva dei rifiuti urbani \u00e8 diminuita di circa 26.000 tonnellate rispetto al 2019, dato verosimilmente legato alle minori presenze turistiche nell'Isola. Perci\u00f2, sono diminuiti sia il totale dei rifiuti avviati a smaltimento, sia il totale di quelli avviati a riciclo. Sono diminuite le quantit\u00e0 raccolte di frazione organica (-2%), frazione verde (-7%), vetro (-5%), carta (-4%), plastica (-1%), tessili (-5%) e ingombranti (-11%). Mentre sono in significativa crescita gli imballaggi in metallo (+11%), i metalli (+4%), il legno (+4%), i&nbsp;rifiuti elettronici,&nbsp;(+4), gli inerti (+10%), gli oli (+14%) e lo spazzamento stradale (+10%). L\u2019incremento della raccolta differenziata regionale ha determinato un miglioramento della percentuale di rifiuti urbani avviati a riutilizzo e a riciclaggio (58% e 64%), che gi\u00e0 si attestava su valori superiori all\u2019obiettivo di legge fissato al 50% per il 2020.<\/p>\n\n\n\n<p>\u201cOltre i tanti risultati positivi, si intravede qualche ombra \u2013 ha aggiunto l\u2019assessore Lampis \u2013 Preoccupa&nbsp;la tendenza dei conferimenti impropri nel circuito pubblico, perci\u00f2 \u00e8 necessario completare l\u2019attuazione degli interventi che possono determinare ulteriori riduzioni. E' fondamentale accompagnare i Comuni verso l\u2019introduzione della tariffa puntuale, in modo da ottenere una distribuzione dei costi per i cittadini pi\u00f9 equa e rispettosa del principio \u2018chi inquina paga\u2019. Preoccupa anche il dato relativo alla diminuzione dei rifiuti avviati alla termovalorizzazione, con conseguente incremento delle quantit\u00e0 di rifiuti urbani da conferire direttamente in discarica, a causa dei lavori di ristrutturazione dei termovalorizzatori. In particolare, ci sono ritardi nel termovalorizzatore di Macomer e nella realizzazione degli ampliamenti di alcune discariche\u201d.<\/p>\n\n\n\n<p>\u201cIl risultato finora raggiunto ci fa ben sperare per il conseguimento degli obiettivi del Piano regionale, l\u201980% di raccolta differenziata e il 70% di riciclo nel 2022, ma non dobbiamo abbassare la guardia. Sar\u00e0 compito della Regione attuare le rimanenti azioni del Piano per consolidare e migliorare i risultati, portando i Comuni, che non hanno ancora adottato sistemi efficienti di raccolta, a ridurre le quantit\u00e0 avviate a smaltimento e rendendo la gestione dei rifiuti urbani pi\u00f9 efficace ed efficiente in tutte le fasi, dalla raccolta al trattamento. Verr\u00e0 mantenuto il meccanismo premialit\u00e0\/penalit\u00e0, incentiveremo l\u2019adozione della tariffa puntuale e completeremo la dotazione territoriale di infrastrutture impiantistiche necessarie per rendere la nostra economia sempre meno lineare e sempre pi\u00f9 circolare. Per quanto riguarda i territori ad alta densit\u00e0 turistica, stiamo valutando l\u2019ipotesi di finanziare ecocentri costieri e isole ecologiche controllate, che in collaborazione con gli enti locali possano contribuire a migliorare le percentuali della raccolta differenziata regionale\u201d, ha concluso l\u2019esponente della Giunta Solinas. Com<\/p>\n","protected":false},"excerpt":{"rendered":"<p>Cagliari,\u00a09 Feb 2022 \u2013\u00a0\u201cGrazie all\u2019impegno costante di cittadini, amministrazioni locali e Regione, nel 2020 la Sardegna si \u00e8 confermata, come certificato anche dall\u2019Ispra, la seconda&#8230;<\/p>\n","protected":false},"author":2,"featured_media":217421,"comment_status":"closed","ping_status":"open","sticky":false,"template":"","format":"standard","meta":[],"categories":[49,52],"tags":[],"_links":{"self":[{"href":"https:\/\/www.cronacaonline.it\/index.php\/wp-json\/wp\/v2\/posts\/217419"}],"collection":[{"href":"https:\/\/www.cronacaonline.it\/index.php\/wp-json\/wp\/v2\/posts"}],"about":[{"href":"https:\/\/www.cronacaonline.it\/index.php\/wp-json\/wp\/v2\/types\/post"}],"author":[{"embeddable":true,"href":"https:\/\/www.cronacaonline.it\/index.php\/wp-json\/wp\/v2\/users\/2"}],"replies":[{"embeddable":true,"href":"https:\/\/www.cronacaonline.it\/index.php\/wp-json\/wp\/v2\/comments?post=217419"}],"version-history":[{"count":1,"href":"https:\/\/www.cronacaonline.it\/index.php\/wp-json\/wp\/v2\/posts\/217419\/revisions"}],"predecessor-version":[{"id":217422,"href":"https:\/\/www.cronacaonline.it\/index.php\/wp-json\/wp\/v2\/posts\/217419\/revisions\/217422"}],"wp:featuredmedia":[{"embeddable":true,"href":"https:\/\/www.cronacaonline.it\/index.php\/wp-json\/wp\/v2\/media\/217421"}],"wp:attachment":[{"href":"https:\/\/www.cronacaonline.it\/index.php\/wp-json\/wp\/v2\/media?parent=217419"}],"wp:term":[{"taxonomy":"category","embeddable":true,"href":"https:\/\/www.cronacaonline.it\/index.php\/wp-json\/wp\/v2\/categories?post=217419"},{"taxonomy":"post_tag","embeddable":true,"href":"https:\/\/www.cronacaonline.it\/index.php\/wp-json\/wp\/v2\/tags?post=217419"}],"curies":[{"name":"wp","href":"https:\/\/api.w.org\/{rel}","templated":true}]}}