{"id":217405,"date":"2022-02-09T07:53:23","date_gmt":"2022-02-09T06:53:23","guid":{"rendered":"https:\/\/www.cronacaonline.it\/?p=217405"},"modified":"2022-02-09T07:53:25","modified_gmt":"2022-02-09T06:53:25","slug":"consiglio-sardegna-manovra-2022-2024-conclusa-la-discussione-generale-e-approvato-il-passaggio-agli-articoli-approvato-il-documento-di-economia-e-finanza-regionale-defr","status":"publish","type":"post","link":"https:\/\/www.cronacaonline.it\/index.php\/2022\/02\/09\/consiglio-sardegna-manovra-2022-2024-conclusa-la-discussione-generale-e-approvato-il-passaggio-agli-articoli-approvato-il-documento-di-economia-e-finanza-regionale-defr\/","title":{"rendered":"Consiglio Sardegna &#8211; Manovra 2022-2024, conclusa la discussione generale e approvato il passaggio agli articoli. Approvato il Documento di economia e finanza regionale (DEFR)."},"content":{"rendered":"\n<p>\u00a0Cagliari, 9 Feb 2022 - La 191ma seduta del Consiglio regionale della Sedicesima legislatura \u00e8 stata aperta ieri pomeriggio dal presidente del Consiglio regionale, Michele Pais che, dopo le formalit\u00e0 di rito, ha concesso la parola al capogruppo di Liberi e Uguali, Eugenio Lai, per il suo intervento, nel corso della discussione generale della Manovra 2022-2024.<\/p>\n\n\n\n<p>L\u2019esponente della minoranza ha criticato \u201cla prima finanziaria politica del centrodestra al governo della Sardegna\u201d, definendola \u201cuna finanziaria totalmente insufficiente ad affrontare le tante emergenze dell\u2019Isola\u201d. A giudizio dell\u2019onorevole Lai, il provvedimento cardine della programmazione, dimentica temi centrali: \u00abNon c\u2019\u00e8 alcun riferimento al caro bollette, al piano energetico, allo sviluppo green delle imprese ma soprattutto il grande assente \u00e8 il tema del lavoro\u00bb. Il consigliere del centrosinistra ha quindi puntato il dito contro le misure proposte per combattere il fenomeno dello spopolamento: \u00abI contributi a pioggia non possono essere la ricetta e tantomeno sono utili gli interventi spot\u00bb. Eugenio Lai, nella parte conclusiva del suo intervento, ha quindi elencato le criticit\u00e0 nella sanit\u00e0, nei trasporti, in agricoltura e soprattutto il rischio tracollo dell\u2019edilizia: \u00abIl fallimento del Piano casa rischia di vanificare le azioni positive dei bonus del governo\u00bb. Il capogruppo Leu ha dichiarato per\u00f2 una sostanziale condivisione per ci\u00f2 che attiene lo sblocco del turnover in Forestas.<\/p>\n\n\n\n<p>Il consigliere dei Riformatori, Michele Cossa, ha invece difeso le scelte fatte nella Manovra e ha salutato con soddisfazione - ricordando la presentazione, nel 2019, di una proposta di legge sul tema da parte del suo gruppo -&nbsp;\u201cl\u2019introduzione, per la prima volta in finanziaria, di misure adatte a combattere il fenomeno dello spopolamento\u201d.&nbsp; L\u2019esponente della maggioranza ha insistito sulla necessit\u00e0 di completare la infrastrutturazione della fibra extra larga \u201cper colmare i ritardi della insularit\u00e0 e limitare l\u2019incedere dello spopolamento dei piccoli centri per la carenza dei servizi\u201d. \u00abAltro intervento di straordinaria importanza \u2013 ha dichiarato Cossa \u2013 \u00e8 il sostegno ai comuni a rischio dissesto mentre resta l\u2019urgenza di confrontarsi caro energia e sulle drammatiche conseguenza che sta producendo sul sistema produttivo sardo con il rischio crack per tante imprese\u00bb.<\/p>\n\n\n\n<p>\u00abQuesta non \u00e8 la legge di stabilit\u00e0 ma la legge che dimostra la vostra instabilit\u00e0 politica\u00bb. Cos\u00ec il capogruppo del Movimento 5 Stelle, Roberto Li Gioi, ha tuonato contro la manovra e puntato il dito contro \u201cla pratiche spartitoria della maggioranza del centrodestra\u201d. L\u2019esponente dell\u2019opposizione ha lamentato \u201cl\u2019assenza di un progetto di sviluppo\u201d e criticato la \u201cpolitica dei contributi a pioggia\u201d.<\/p>\n\n\n\n<p>Dopo Li Gioi ha preso la parola Angelo Cocciu (Forza Italia), \u201cche ha parlato di Finanziaria importante\u201d e ha ringraziato \u201cgli assessori Zedda e Fasolino per quanto hanno dato alla politica in termini di impegno e abnegazione. Sono stati anni difficili e siamo stati costretti fino a oggi a optare su scelte di sopravvivenza.<\/p>\n\n\n\n<p>Per Francesco Mura (Fdi) \u201c\u00e8 chiaro che non saranno le misure dell\u2019articolo 10 a risolvere il problema dello spopolamento delle zone interne della Sardegna ed \u00e8 anche vero che non sono gli incentivi a spostare le imprese, che cercano invece territori dove operare meglio. Per\u00f2 insisto sul fatto che i piani di sviluppo locale del passato non sono stati calati sui Comuni ma su territori aggregati forzatamente.<\/p>\n\n\n\n<p>Per l\u2019Udc \u00e8 poi intervenuto Giorgio Oppi, che ha detto: \u201cI fatti mi spingono a intervenire, dopo il bravo Peru, dopo una finanziaria da velocisti. Siamo una parte di maggioranza e abbiamo il dovere di contribuire. Intendiamo farlo in modo determinante e sappiamo come farlo. A novembre scorso abbiamo approvato una finanziaria omnibus che ha provocato soltanto pasticci amministrativi che in parte stiamo recuperando ora. Parler\u00f2 di Sanit\u00e0: mai avevamo visto una gestione cos\u00ec approssimativa della Sanit\u00e0 e non ripeter\u00f2 le lamentele sulla mancanza di posti letto, sulla mancata chiamata degli infermieri che pure hanno vinto il concorso e ancora sono in attesa. E tanto altro. Chi sar\u00e0 responsabile domani dei morti che ci saranno per le mancate o ritardate o complicate cure, come nel caso dei dializzati di Buggerru che devono andare tre volte la settimana a Carbonia? Chi \u00e8 che guida il bastone: l\u2019assessore alla Sanit\u00e0 o il responsabile dell\u2019Ares?&nbsp; Fate chiarezza\u201d.<\/p>\n\n\n\n<p>L\u2019oratore ha parlato anche del problema dei diabetici sardi e ha annunciato un emendamento da 16 milioni di euro. Poi ha aggiunto: \u201cHo firmato emendamenti dell\u2019opposizione e miei, dobbiamo approvare poche cose per essere veloci e se serve ritireremo alcuni emendamenti\u201d. Poi ha concluso: \u201cChi si \u00e8 permesso di contestare l\u2019amico Peru, che questa mattina ha parlato dicendo la verit\u00e0, perch\u00e9 noi diamo sempre la verit\u00e0, ha sbagliato\u201d.<\/p>\n\n\n\n<p>Per la Lega il capogruppo Pierluigi Saiu ha detto che \u201cquesta non \u00e8 la prima finanziaria politica perch\u00e9 abbiamo affrontato politicamente anche l\u2019emergenza Covid e abbiamo fatto politica nel momento in cui nessuno era preparato all\u2019emergenza. Chi punta il dito oggi dicendo che abbiamo sbagliato \u00e8 in una comoda posizione ma sia chiaro che in questi tre anni siamo stati condizionati dalla pandemia nella gestione della Sardegna. I numeri dicono tutto sull\u2019impatto della pandemia: il Covid in Sardegna ha dato 138 mila positivi, migliaia di ricoverati e oltre 1500 decessi a oggi, tre milioni e mezzo di dosi vaccinali, un concorso per 271 dirigenti medici e quasi duemila assunzioni a tempo determinato per fronteggiare la pandemia. Questi sono numeri veri, che non si dicono spesso.<\/p>\n\n\n\n<p>Penultimo intervento dei capigruppo per l\u2019on. Gianfranco Ganau, che a nome del Pd ha sostenuto che \u201cquesta finanziaria deludente avvalora la vostra incapacit\u00e0 a gestire e sentire i bisogni della Sardegna. E\u2019 una finanziaria di pochi articoli e di poche linee di intervento, mai strategiche. E\u2019 insufficiente il vostro investimento all\u2019articolo 3 sulle opere pubbliche, con appena 3 milioni di euro sulle opere di viabilit\u00e0. E cosa dire dell\u2019articolo 4, dove si prevedono interventi marginali sulle politiche sociale e non spendete una sola parola sulla sanit\u00e0. Come se non servissero denari per interventi su quanto \u00e8 sotto gli occhi di tutti: un disastro sulla Sanit\u00e0. E\u2019 clamoroso il vostro silenzio e la vostra incapacit\u00e0 a dare risposte\u201d. L\u2019oratore ha annunciato anche gli emendamenti del Pd sull\u2019assistenza ai diabetici e ha contestato le norme sull\u2019articolo 10 in materia di incentivi per le zone interne: \u201cLa lotta allo spopolamento va fatta creando le condizioni per vivere nei piccoli paesi, a cominciare dai servizi sanitari e scolastici di prossimit\u00e0. Anche perch\u00e9 ormai \u00e8 noto che lo spopolamento non riguarda soltanto i comuni delle zone interne. Mi auguro che sappiate migliorare con noi questa manovra e non si sprechi questa occasione\u201d.<\/p>\n\n\n\n<p>Il capogruppo del Psd\u2019Az Franco Mula \u00e8 partito da una analisi del documento presentato da Anci Sardegna per sottolineare che dal mondo dei Comuni \u00e8 arrivato, ferme restano le differenze, un chiaro apprezzamento per alcuni contenuti della manovra a cominciare da quelli per il contrasto allo spopolamento, misura non perfetta ma comunque molto significativa, all\u2019interno di un quadro complessivo nel quale i margini di manovra disponibili non sono ampi ma hanno consentito comunque di varare norme ben orientate ed anche condivise come quella dell\u2019aumento dell\u2019indennit\u00e0 agli amministratori locali.<\/p>\n\n\n\n<p>Francesco Agus, presidente del gruppo dei Progressisti, ha sostenuto che dopo certe \u201crequisitorie\u201d della maggioranza sarebbe meglio chiudere questo capitolo e passare ai successivi, perch\u00e9 ci si impegna nel dibattito in alcuni vicini punti di \u201cpronto soccorso\u201d ci sono pazienti sulle barelle da campo e qui non c\u2019entra la pandemia, un esempio che fa capire l\u2019urgenza di affrontare il problema strutturale di un sistema sanitario che non permette ai malati di tante altre patologie di potersi curare. Poi, ha aggiunto Agus soffermandosi su quelle che a suo giudizio sono le priorit\u00e0 della Regione, serve subito un nuovo strumento urbanistico sostenibile per consentire al settore di andare avanti, perch\u00e9 non \u00e8 accettabile che imprese ed uffici comunali restino bloccati. Sul piano politico secondo il capogruppo dei Progressisti la finanziaria \u00e8 arrivata come al solito in ritardo e non risolve nessun grande nodo strutturale: degli 8.5 miliardi disponibili gran parte va alla spesa sanitaria e sociale in aumento per 4.5 miliardi aumento, mentre il resto \u00e8 gi\u00e0 bloccato fra stipendi, trasporto pubblico locale, fondo unico per enti locali e leggi di settore, e quindi i margini di manovra sono pochissimi. Il Consiglio piuttosto, ha detto infine, deve riprendere il suo ruolo producendo leggi scritte bene potenziando una serie di interlocuzioni alle quali deve prendere parte anche il presidente della Regione, quando riguardano per affari che riguardano rapporti col Governo.<\/p>\n\n\n\n<p>A nome della Giunta l\u2019assessore della Programmazione Giuseppe Fasolino, pur comprendendo la necessit\u00e0 di vedere la finanziaria come occasione di discutere tutti i problemi della Regione, ha ripreso gli interventi dei consiglieri Mula e Agus, per osservare che la legge finanziaria non pu\u00f2 mai essere risolutiva perch\u00e9 in realt\u00e0 la massa manovrabile \u00e8 di circa 200 milioni. Rispondendo poi alla parte della relazione di minoranza relativa a fondi europei ed infrastrutture, Fasolino ha ricordato che la Sardegna, ora nelle ultime posizioni a livello nazionale, non \u00e8 mai stata prima in classifica, ma da tempo sta cercando con difficolt\u00e0 di risalire la china. Affrontando il tema dello spopolamento sappiamo, l\u2019assessore si \u00e8 detto consapevole dell\u2019intervento limitato precisando per\u00f2 che la misura va inquadrata in una strategia molto pi\u00f9 ampia che comprende agevolazioni per le imprese, incentivi a fondo perduto per attivit\u00e0 commerciali ed artigianali, turn over di Forestas che da solo pu\u00f2 generare da 750 a 1000 posti fissi, fino ad arrivare alla programmazione territoriale (sostenuta con un fondo da 5 milioni per la progettazione dei Comuni), ai fondi europei ed al Pnrr. Siamo partiti dalle piccole comunit\u00e0 (che sono comunque 275, la maggioranza dei Comuni sardi), ha precisato l\u2019assessore, perch\u00e9 lo spopolamento in quelle realt\u00e0 comporta la sparizione di alcuni servizi essenziali, cosa che non accade nei grandi centri, ma siamo disponibili a rivedere alcuni parametri. Quanto al confronto con la societ\u00e0 sarda, secondo Fasolino non solo c\u2019\u00e8 stato, ma ha prodotto risultati importanti. Ora il confronto continuer\u00e0 in Consiglio e si pu\u00f2 fare ancora tanto, senza chiusure ideologiche come abbiamo sempre fatto. L\u2019assessore ha dedicato una annotazione conclusiva al progetto Einstein Telescope che, ha ipotizzato, pu\u00f2 produrre 750 posti di lavoro all\u2019anno per 30 anni in un settore ad alta tecnologia. Il progetto, per\u00f2, ha avvertito, si colloca in una scenario internazionale molto competitivo e non facile per cui occorrer\u00e0 una forte attenzione della Regione sul Governo.<\/p>\n\n\n\n<p>Subito dopo il presidente ha sospeso brevemente la seduta.<\/p>\n\n\n\n<p>Alla ripresa dei lavori, il Consiglio ha proceduto al voto sul passaggio della legge all\u2019esame degli articoli: la legge \u00e8 stata approvata con 30 voti favorevoli, 18 contrari e un astenuto. A seguire, approvato anche il collegato documento regionale di economia e finanza con 28 voti favorevoli e 19 contrari.<\/p>\n\n\n\n<p>Al termine degli scrutini il presidente ha chiuso la seduta comunicando i prossimi appuntamenti. Domani alle 16.00 la commissione Bilancio si riunir\u00e0 per l\u2019esame degli emendamenti, mentre il Consiglio riprender\u00e0 i lavori gioved\u00ec alle 10.&nbsp;Com<\/p>\n","protected":false},"excerpt":{"rendered":"<p>\u00a0Cagliari, 9 Feb 2022 &#8211; La 191ma seduta del Consiglio regionale della Sedicesima legislatura \u00e8 stata aperta ieri pomeriggio dal presidente del Consiglio regionale, Michele&#8230;<\/p>\n","protected":false},"author":2,"featured_media":12799,"comment_status":"closed","ping_status":"open","sticky":false,"template":"","format":"standard","meta":[],"categories":[49,52],"tags":[],"_links":{"self":[{"href":"https:\/\/www.cronacaonline.it\/index.php\/wp-json\/wp\/v2\/posts\/217405"}],"collection":[{"href":"https:\/\/www.cronacaonline.it\/index.php\/wp-json\/wp\/v2\/posts"}],"about":[{"href":"https:\/\/www.cronacaonline.it\/index.php\/wp-json\/wp\/v2\/types\/post"}],"author":[{"embeddable":true,"href":"https:\/\/www.cronacaonline.it\/index.php\/wp-json\/wp\/v2\/users\/2"}],"replies":[{"embeddable":true,"href":"https:\/\/www.cronacaonline.it\/index.php\/wp-json\/wp\/v2\/comments?post=217405"}],"version-history":[{"count":1,"href":"https:\/\/www.cronacaonline.it\/index.php\/wp-json\/wp\/v2\/posts\/217405\/revisions"}],"predecessor-version":[{"id":217406,"href":"https:\/\/www.cronacaonline.it\/index.php\/wp-json\/wp\/v2\/posts\/217405\/revisions\/217406"}],"wp:featuredmedia":[{"embeddable":true,"href":"https:\/\/www.cronacaonline.it\/index.php\/wp-json\/wp\/v2\/media\/12799"}],"wp:attachment":[{"href":"https:\/\/www.cronacaonline.it\/index.php\/wp-json\/wp\/v2\/media?parent=217405"}],"wp:term":[{"taxonomy":"category","embeddable":true,"href":"https:\/\/www.cronacaonline.it\/index.php\/wp-json\/wp\/v2\/categories?post=217405"},{"taxonomy":"post_tag","embeddable":true,"href":"https:\/\/www.cronacaonline.it\/index.php\/wp-json\/wp\/v2\/tags?post=217405"}],"curies":[{"name":"wp","href":"https:\/\/api.w.org\/{rel}","templated":true}]}}