{"id":217403,"date":"2022-02-09T07:52:22","date_gmt":"2022-02-09T06:52:22","guid":{"rendered":"https:\/\/www.cronacaonline.it\/?p=217403"},"modified":"2022-02-09T07:52:24","modified_gmt":"2022-02-09T06:52:24","slug":"accordo-regione-stato-assessore-fasolino-al-via-il-tavolo-tecnico-politico-per-la-quantificazione-delle-compensazioni-per-la-sardegna","status":"publish","type":"post","link":"https:\/\/www.cronacaonline.it\/index.php\/2022\/02\/09\/accordo-regione-stato-assessore-fasolino-al-via-il-tavolo-tecnico-politico-per-la-quantificazione-delle-compensazioni-per-la-sardegna\/","title":{"rendered":"Accordo Regione-Stato: Assessore Fasolino: al via il tavolo tecnico-politico per la quantificazione delle compensazioni per la Sardegna."},"content":{"rendered":"\n<p>Cagliari, 8 Feb 2022 \u2013\u00a0Ha preso avvio oggi il Tavolo tecnico politico finalizzato alla quantificazione e alla compensazione dei costi derivanti dagli svantaggi strutturali determinati dalla condizione insulare, come previsto dall\u2019accordo stipulato tra il Presidente della Regione e il Governo in materia di finanza pubblica nel 2019. \u201cUn ulteriore risultato raggiunto nel confronto con lo Stato, frutto di un impegno incessante, che certifica definitivamente il dovere in capo allo stato di rimuovere le disuguaglianze che cittadini e imprese sarde hanno dovuto subire per decenni, sopportando maggiori costi sull\u2019energia, sui trasporti ed in altri settori che hanno determinato una compressione di opportunit\u00e0 per l\u2019intero sistema Sardegna rispetto al resto della Penisola\u201d, spiega in un comunicato il Presidente Solinas.<\/p>\n\n\n\n<p>\u201cDopo il riconoscimento di 1,6 miliardi di euro per investimenti infrastrutturali e i diversi acconti gi\u00e0 ottenuti sulla compensazione di tali svantaggi strutturali - prosegue il Presidente - il tavolo che si insedia oggi dovr\u00e0 finalmente definire l'impegno finanziario complessivo dello Stato, che si tradurr\u00e0 in nuove risorse da investire a favore dei cittadini e delle imprese. La condizione insulare e la perifericit\u00e0 hanno prodotto nel tempo un incremento dei costi e creato ritardi e debolezze nel processo di sviluppo oltrech\u00e9 limiti oggettivi rispetto agli standard ottimali di infrastrutture e servizi.<\/p>\n\n\n\n<p>La Sardegna in questi anni non ha chiesto favoritismi ma rivendicato con forza il diritto ad avere pari opportunit\u00e0 di sviluppo e accesso al mercato internazionale senza pi\u00f9 gli squilibri ed i divari accumulati nel tempo rispetto alle altre Regioni italiane ed europee\u201d. \u201cMentre i soliti profeti di sventura intonano il loro canto sterile e distorsivo dai propri ovattati scranni, la mia Giunta continua a parlare con il linguaggio dei fatti e dei numeri: abbiamo gi\u00e0 raggiunto risultati eccezionali sul fronte finanziario, certificati dalla Corte dei Conti in sede di parifica, a partire dalla poderosa riduzione del disavanzo fino all\u2019aumento considerevole delle risorse disponibili grazie agli accordi gi\u00e0 operativi sulla ridefinizione del concorso al risanamento della finanza pubblica e agli acconti ottenuti a compensazione dei maggiori oneri derivanti dagli svantaggi permanenti della condizione geografica dell\u2019Isola, che hanno lasciato nelle casse della Regione centinaia di milioni di euro\u201d, ha concluso il Presidente Solinas.<\/p>\n\n\n\n<p>All\u2019incontro avvenuto nel pomeriggio in videoconferenza, alla presenza del sottosegretario al Ministero dell\u2019Economia Alessandra Sartore, ha partecipato anche l\u2019Assessore della Programmazione e Bilancio, Giuseppe Fasolino. \u201cCon l\u2019istituzione del tavolo tecnico mettiamo finalmente un punto fermo su un tema strategico per la nostra Isola - ha spiegato l\u2019Assessore Fasolino - La Sardegna si trova davanti a una sfida epocale: siamo pronti a favorire una nuova fase di sviluppo che accresca le potenzialit\u00e0 della nostra Isola, ma per farlo \u00e8 necessario superare i ritardi strutturali della Sardegna. La compensazione dei divari territoriali non pu\u00f2 che passare per i progetti legati alla condizione geografica, e per questo abbiamo chiesto che lo Stato condivida un progetto di sviluppo che dar\u00e0 la possibilit\u00e0 ai sardi di avere le stesse opportunit\u00e0 ai cittadini del resto dell\u2019Italia\u201d.<\/p>\n\n\n\n<p>Le rivendicazioni della Regione partono dalla consapevolezza delle implicazioni negative sulla societ\u00e0 e sull\u2019economia della Sardegna della condizione di insularit\u00e0 (maggiori costi di produzione, limitata dimensione del mercato, conclamate difficolt\u00e0 nella circolazione di persone e merci). In questo contesto, ha spiegato sempre l\u2019esponente della Giunta Sarda, \u201cil compito dello Stato deve essere quello di garantire ai cittadini della Sardegna uguali opportunit\u00e0 e condizioni di sviluppo rispetto agli altri cittadini italiani, intervenendo per eliminare i gap derivanti dall\u2019insularit\u00e0 e, laddove ci\u00f2 non sia possibile, garantendo interventi normativi e misure di agevolazione finanziarie e fiscali a compensazione degli svantaggi\u201d.<\/p>\n\n\n\n<p>Il tavolo politico verr\u00e0 aggiornato a breve coinvolgendo anche l\u2019Agenzia della Coesione e tutti gli altri attori nazionali e regionali al fine di avere una visione complessiva delle azioni necessarie al recupero del divario infrastrutturale e socio-economico. In sede tecnica la Regione \u00e8 stata incaricata di coordinare i rapporti con gli uffici dello Stato per analizzare i fattori che incidono maggiormente sul divario di competitivit\u00e0 con le altre regioni. Com<\/p>\n","protected":false},"excerpt":{"rendered":"<p>Cagliari, 8 Feb 2022 \u2013\u00a0Ha preso avvio oggi il Tavolo tecnico politico finalizzato alla quantificazione e alla compensazione dei costi derivanti dagli svantaggi strutturali determinati&#8230;<\/p>\n","protected":false},"author":2,"featured_media":174882,"comment_status":"closed","ping_status":"open","sticky":false,"template":"","format":"standard","meta":[],"categories":[49,52],"tags":[],"_links":{"self":[{"href":"https:\/\/www.cronacaonline.it\/index.php\/wp-json\/wp\/v2\/posts\/217403"}],"collection":[{"href":"https:\/\/www.cronacaonline.it\/index.php\/wp-json\/wp\/v2\/posts"}],"about":[{"href":"https:\/\/www.cronacaonline.it\/index.php\/wp-json\/wp\/v2\/types\/post"}],"author":[{"embeddable":true,"href":"https:\/\/www.cronacaonline.it\/index.php\/wp-json\/wp\/v2\/users\/2"}],"replies":[{"embeddable":true,"href":"https:\/\/www.cronacaonline.it\/index.php\/wp-json\/wp\/v2\/comments?post=217403"}],"version-history":[{"count":1,"href":"https:\/\/www.cronacaonline.it\/index.php\/wp-json\/wp\/v2\/posts\/217403\/revisions"}],"predecessor-version":[{"id":217404,"href":"https:\/\/www.cronacaonline.it\/index.php\/wp-json\/wp\/v2\/posts\/217403\/revisions\/217404"}],"wp:featuredmedia":[{"embeddable":true,"href":"https:\/\/www.cronacaonline.it\/index.php\/wp-json\/wp\/v2\/media\/174882"}],"wp:attachment":[{"href":"https:\/\/www.cronacaonline.it\/index.php\/wp-json\/wp\/v2\/media?parent=217403"}],"wp:term":[{"taxonomy":"category","embeddable":true,"href":"https:\/\/www.cronacaonline.it\/index.php\/wp-json\/wp\/v2\/categories?post=217403"},{"taxonomy":"post_tag","embeddable":true,"href":"https:\/\/www.cronacaonline.it\/index.php\/wp-json\/wp\/v2\/tags?post=217403"}],"curies":[{"name":"wp","href":"https:\/\/api.w.org\/{rel}","templated":true}]}}