{"id":217387,"date":"2022-02-08T15:43:01","date_gmt":"2022-02-08T14:43:01","guid":{"rendered":"https:\/\/www.cronacaonline.it\/?p=217387"},"modified":"2022-02-08T15:43:03","modified_gmt":"2022-02-08T14:43:03","slug":"air-italy-lassessore-zedda-chiede-nuovamente-un-incontro-silenzio-assordante-da-parte-di-chi-puo-e-deve-intervenire","status":"publish","type":"post","link":"https:\/\/www.cronacaonline.it\/index.php\/2022\/02\/08\/air-italy-lassessore-zedda-chiede-nuovamente-un-incontro-silenzio-assordante-da-parte-di-chi-puo-e-deve-intervenire\/","title":{"rendered":"Air Italy, l\u2019assessore Zedda chiede nuovamente un incontro. \u201cSilenzio assordante da parte di chi pu\u00f2 e deve intervenire\u201d."},"content":{"rendered":"\n<p>Cagliari, 8 Feb 2022 \u2013\u00a0\u201c\u00c8 un silenzio assordante e inaccettabile quello calato dal Governo, che davanti a una delle vertenze pi\u00f9 importanti e gravi del Paese non muove un dito, non si fa portavoce delle istanze che arrivano dalle due regioni coinvolte, Sardegna e Lombardia, non accoglie le continue richieste di incontro, non risponde alle proposte n\u00e9 mette a disposizione strumenti in grado di garantire un futuro a oltre mille lavoratori che la propriet\u00e0 di Air Italy sta cercando di cancellare dalla storia del trasporto aereo\u201d. Lo ha detto l\u2019Assessore del Lavoro, Alessandra Zedda alla luce delle ultime note inviate, ancora senza risposta.<\/p>\n\n\n\n<p>\u201c\u00c8 ingiusto che la Regione sia lasciata sola in questa battaglia di giustizia ed \u00e8 per questo che torniamo a chiedere la prosecuzione del confronto tra le parti con l\u2019obiettivo di definire un quadro di azioni e misure a sostegno dei 1322 lavoratori di Air Italy, a cui la Regione Sardegna continua a tendere una mano con tutti gli strumenti a disposizione, non ultima la possibilit\u00e0 di utilizzare il fondo europeo di adeguamento alla globalizzazione, FEG, che fornisce sostegno a chi \u00e8 disoccupato o \u00e8 stato espulso dal mercato del lavoro sostenendo il reinserimento sulla base di un programma di due anni\u201d. Nelle scorse settimana l\u2019Assessorato del Lavoro aveva inviato ai Ministri competenti la sintesi dell\u2019incontro del 10 gennaio con le rappresentanze dei lavoratori. La Regione Sardegna e la Regione Lombardia si erano fatte parte attiva nel chiedere la creazione di un bacino di riferimento dove far confluire i lavoratori Air Italy, cos\u00ec come tutti quelli appartenenti alla altre situazioni di crisi del trasporto aereo.<\/p>\n\n\n\n<p>\u201cChiediamo l\u2019immediata riconvocazione del tavolo, che al momento risulta ancora aperto, affinch\u00e9 il Governo ci sostenga e ci supporti con misure adeguate, tendendo la mano alle famiglie coinvolte e garantendo un futuro ai lavoratori. Abbiamo lavorato per questo senza sosta, con determinazione e fermezza e intendiamo proseguire con lo stesso impegno dimostrato fino a oggi\u201d, ha concluso l\u2019esponente della Giunta Sarda.&nbsp;Com<\/p>\n","protected":false},"excerpt":{"rendered":"<p>Cagliari, 8 Feb 2022 \u2013\u00a0\u201c\u00c8 un silenzio assordante e inaccettabile quello calato dal Governo, che davanti a una delle vertenze pi\u00f9 importanti e gravi del&#8230;<\/p>\n","protected":false},"author":2,"featured_media":215618,"comment_status":"closed","ping_status":"open","sticky":false,"template":"","format":"standard","meta":[],"categories":[49,52],"tags":[],"_links":{"self":[{"href":"https:\/\/www.cronacaonline.it\/index.php\/wp-json\/wp\/v2\/posts\/217387"}],"collection":[{"href":"https:\/\/www.cronacaonline.it\/index.php\/wp-json\/wp\/v2\/posts"}],"about":[{"href":"https:\/\/www.cronacaonline.it\/index.php\/wp-json\/wp\/v2\/types\/post"}],"author":[{"embeddable":true,"href":"https:\/\/www.cronacaonline.it\/index.php\/wp-json\/wp\/v2\/users\/2"}],"replies":[{"embeddable":true,"href":"https:\/\/www.cronacaonline.it\/index.php\/wp-json\/wp\/v2\/comments?post=217387"}],"version-history":[{"count":1,"href":"https:\/\/www.cronacaonline.it\/index.php\/wp-json\/wp\/v2\/posts\/217387\/revisions"}],"predecessor-version":[{"id":217388,"href":"https:\/\/www.cronacaonline.it\/index.php\/wp-json\/wp\/v2\/posts\/217387\/revisions\/217388"}],"wp:featuredmedia":[{"embeddable":true,"href":"https:\/\/www.cronacaonline.it\/index.php\/wp-json\/wp\/v2\/media\/215618"}],"wp:attachment":[{"href":"https:\/\/www.cronacaonline.it\/index.php\/wp-json\/wp\/v2\/media?parent=217387"}],"wp:term":[{"taxonomy":"category","embeddable":true,"href":"https:\/\/www.cronacaonline.it\/index.php\/wp-json\/wp\/v2\/categories?post=217387"},{"taxonomy":"post_tag","embeddable":true,"href":"https:\/\/www.cronacaonline.it\/index.php\/wp-json\/wp\/v2\/tags?post=217387"}],"curies":[{"name":"wp","href":"https:\/\/api.w.org\/{rel}","templated":true}]}}