{"id":217381,"date":"2022-02-08T13:33:42","date_gmt":"2022-02-08T12:33:42","guid":{"rendered":"https:\/\/www.cronacaonline.it\/?p=217381"},"modified":"2022-02-08T13:33:44","modified_gmt":"2022-02-08T12:33:44","slug":"consiglio-sardegna-manovra-2022-2024-prosecuzione-della-discussione-generale","status":"publish","type":"post","link":"https:\/\/www.cronacaonline.it\/index.php\/2022\/02\/08\/consiglio-sardegna-manovra-2022-2024-prosecuzione-della-discussione-generale\/","title":{"rendered":"Consiglio Sardegna &#8211; Manovra 2022-2024: prosecuzione della discussione generale."},"content":{"rendered":"\n<p>Cagliari, 8 Feb 2022 - Il presidente del Consiglio regionale della Sardegna, Michele Pais, ha aperto questa mattina i lavori del consiglio alle 10.20. Constatata l\u2019assenza del numero legale, la seduta \u00e8 stata sospesa per 10 minuti. Alla ripresa, il presidente ha dato la parola Laura Caddeo (Progressisti) per la prosecuzione della discussione generale sulla manovra finanziaria 2022-2024.<\/p>\n\n\n\n<p>L\u2019esponente della minoranza ha espresso un giudizio negativo sul documento economico presentato dalla Giunta: \u00abManca una visione di sviluppo dell\u2019Isola \u2013 ha detto Caddeo \u2013 preoccupa l\u2019incapacit\u00e0 di spendita delle risorse. La Regione continua ad avocare a s\u00e9 prerogative che dovrebbero essere esercitate dai comuni, trascurando la sua funzione principale: quella legislativa\u00bb.<\/p>\n\n\n\n<p>Critico anche l\u2019intervento del consigliere del Pd Roberto Deriu: \u00abCombattere lo spopolamento \u00e8 un nostro dovere \u2013 ha detto \u2013 ma questa finanziaria ipotizza solo finanziamenti a pioggia\u00bb. Deriu ha poi affrontato il tema della spesa sanitaria: \u00abSi \u00e8 chiesta una commissione d\u2019inchiesta che si \u00e8 conclusa con un nulla di fatto \u2013 ha rimarcato l\u2019esponente del Pd \u2013 se l\u2019inchiesta si fosse svolta in profondit\u00e0 avrebbe consentito di risolvere problemi che oggi invece si sono acuiti. Il Consiglio agisce privo della conoscenza dei problemi senza sapere come si \u00e8 speso negli anni precedenti. La soggezione del Consiglio e della Giunta determina politiche emergenziali, estemporanee e per questo insufficienti. E\u2019 il tramonto della politica a favore della burocrazia. Il potere degli uffici \u00e8 aumentato. Quando la politica \u00e8 debole, la burocrazia riempie un vuoto\u00bb.<\/p>\n\n\n\n<p>Il consigliere di minoranza ha quindi invitato la Giunta e il Consiglio a riflettere sulle opportunit\u00e0 che si aprono nel campo dell\u2019innovazione, della trasformazione digitale e della industrializzazione sostenibile. \u00abIl progetto dell\u2019Einstein Telescope a Lula rappresenta un\u2019opportunit\u00e0 eccezionale. Per la ricerca sar\u00e0 un\u2019opera impressionante. Coster\u00e0 1,7 miliardi di euro ma avr\u00e0 effetti positivi per 6,7 miliardi e un valore aggiunto di 2,2. Si stima inoltre che potrebbero nascere 36mila nuovi posti di lavoro. \u00c8 un\u2019opportunit\u00e0 da non perdere, un esperimento tecnologico con tre obiettivi da cogliere: cyber sicurezza, competenze digitale e 5G.<\/p>\n\n\n\n<p>Per Massimo Zedda (Progressisti), \u00e8 l\u2019impianto stesso della Finanziaria a mostrare limiti: \u00abDovrebbe essere la legge di stabilit\u00e0 della Regione. Stride per\u00f2 con questo concetto la debole relazione presentata dalla maggioranza e l\u2019assenza di interventi in aula da parte del centrodestra. Non si capisce qualI siano le vostre convinzioni\u00bb. Secondo Zedda, la manovra non incide sullo sviluppo: \u00abUno degli elementi fondanti \u00e8 rappresentato dalla lotta allo spopolamento. Non \u00e8 per\u00f2 sufficiente prevedere un incentivo perch\u00e9 le famiglie si stabiliscano nei piccoli comuni \u2013 ha detto Zedda \u2013sarebbe troppo facile con i bonus nascite o i piccoli incentivi alle imprese. Serve di pi\u00f9. Ci sono le risorse per migliorare la qualit\u00e0 della vita. Nei piccoli paesi mancano i servizi primari. E\u2019 la qualit\u00e0 della vita che determina la volont\u00e0 delle persone di vivere in quei luoghi\u00bb. Il consigliere dei Progressisti ha poi invitato la maggioranza a correggere alcuni punti dell\u2019articolo 8: \u00abPerch\u00e9 si \u00e8 previsto un incentivo solo per i nati dal 2022? Meglio estenderlo a tutte le famiglie che abbiano figli al di sotto di cinque anni\u00bb. In ogni caso, secondo Zedda, questa finanziaria non produrr\u00e0 effetti significativi: \u00abQuesto strumento doveva essere fatto a inizio legislatura.<\/p>\n\n\n\n<p>Giudizio negativo anche da parte di Desir\u00e8 Manca (M5S): \u00abUn miliardo e 400 milioni di euro. A tanto ammontano le risorse che il governo sardo-leghista non ha saputo spendere. E\u2019 l\u2019esempio dell\u2019incapacit\u00e0 di questa Giunta di portare avanti lo sviluppo dell\u2019economia sarda\u00bb. Secondo Manca, una piccola parte di quei soldi poteva essere spesa per dotare i diabetici sardi dei dispositivi salva-vita o per abbattere le liste d\u2019attesa della sanit\u00e0. Non convincono, secondo l\u2019esponente dei Cinque Stelle, nemmeno le norme antispopolamento: \u00ab600 euro al mese per ogni bambino fino al compimento del quinto anno di et\u00e0 nei comuni fino a 3000 abitanti non bastano.<\/p>\n\n\n\n<p>Di diverso avviso Giovanni Satta (Psd\u2019Az): \u00abDa qualche intervento della minoranza sembra che non sia successo niente. Ci troviamo a discutere la prima vera finanziaria di questa legislatura \u2013 ha detto Satta \u2013 vogliamo dare qualche risposta anche se non possiamo fare miracoli\u00bb. Per Satta, la lotta allo spopolamento \u00e8 un punto decisivo: \u00abGli interventi che mi hanno preceduto hanno dato qualche spunto positivo: non si pu\u00f2 pensare che lo spopolamento non colpisca i paesi con pi\u00f9 di 3000 abitanti. La lotta allo spopolamento va fatta mettendo dei paletti. Il Consiglio \u00e8 legittimato ad apportare qualche modifica. Non \u00e8 giusto dare soldi a comuni che magari sono cresciuti da 1000 a 1800 abitanti e lasciare fuori paesi come Orgosolo e Fonni. Occorre considerare la perdita reale della popolazione. Non basta incentivare la natalit\u00e0 che sicuramente crea ricchezza, occorre qualcosa in pi\u00f9 come la creazione di nuove attivit\u00e0 produttive\u00bb.<\/p>\n\n\n\n<p>Secondo Antonio Piu (Progressisti) dalla Finanziaria mancano i grandi temi dello sviluppo: \u00abSanit\u00e0 e trasporti sono i due asset principali per la crescita della Regione. Mi sarebbe piaciuto capire che tipo di Sardegna immaginate tra 10 anni \u2013 ha detto Piu \u2013 prevedete soldi per i nuovi nati nei piccoli comuni ma come si cura e come si sposta un bambino che nasce l\u00ec? Nei piccoli centri manca l\u2019assistenza sanitaria pubblica, le persone che fanno assistenza sono i familiari dei malati, i cosiddetti caregiver\u00bb.<\/p>\n\n\n\n<p>Dopo Piu ha preso la parola Piero Comandini (Pd): \u201cSi \u00e8 sempre detto che la Finanziaria \u00e8 il momento pi\u00f9 alto del confronto perch\u00e9 i numeri rappresentano le scelte politiche di un governo. Non ci aspettavamo questo, almeno in occasione del primo bilancio politico della vostra giunta ma ci rendiamo conto di aver peccato di presunzione. Mi spiace dover dire che avete perso l\u2019occasione di un confronto, come accadde al principio degli anni \u201970, quando furono messi a disposizione dello Stato le grandi risorse del Piano di rinascita. Nessuno ha mai avuto una mole di denaro come quella che avete a disposizione voi, in arrivo dal Pnnr, dall\u2019accordo quadro con lo Stato e dai fondi strutturali. Eppure non sentite il bisogno di condividere questa opportunit\u00e0 n\u00e9 con noi n\u00e9 con la Sardegna che sta fuori da qui. Il massimo che sapete fare \u00e8 un taglia e cuci sulle leggi di settore, senza una programmazione politica. Avete soltanto voglia di approvare leggi in fretta, senza badare alla qualit\u00e0 n\u00e9 ai risultati che possono arrivare o non arrivare da un certo provvedimento\u201d. Per l\u2019oratore \u201ctra tutti i temi il pi\u00f9 urgente \u00e8 quello del lavoro vero, a tempo indeterminato, che permette a una coppia di accedere a un mutuo. Su 57 mila contratti attivati in Sardegna nel 2021, 55 mila sono a tempo determinato. Non solo: siamo ancora in testa alla classifica italiana sul tasso di disoccupazione femminile\u201d.<\/p>\n\n\n\n<p>Dai banchi della maggioranza \u00e8 intervenuto Antonello Peru (Udc), che ha ricordato: \u201cMancano due anni alla fine di questa legislatura e ci tocca fare comunque un punto sul lavoro fatto. Girando i territori mi rendo conto che sono davvero pochi quelli che applaudono alle azioni della maggioranza e questo \u00e8 il momento di dire la verit\u00e0. E\u2019 il momento per cambiare rotta e per avere coraggio, senza poterci giustificare dietro la pandemia. Non dobbiamo farci sfuggire la possibilit\u00e0 di scrivere un modello di sviluppo e non trovo per\u00f2 giusto che si attacchi il Consiglio perch\u00e9 dal Consiglio sono arrivate buone e importanti proposte legislative che spesso non sono attuate dalla macchina amministrativa della Regione\u201d.<\/p>\n\n\n\n<p>Alessandro Solinas (Cinque stelle) ha esordito dicendo: \u201cNon sono in grado di fare un intervento di opposizione pi\u00f9 incisivo di quello appena fatto dall\u2019onorevole Peru. Evidentemente c\u2019\u00e8 chi ha gi\u00e0 iniziato a mettere le mani avanti perch\u00e9 ha capito qual \u00e8 il giudizio dei sardi. Quei sardi, soprattutto giovani, che emigrano perch\u00e9 qui non hanno nulla da fare e non possono creare impresa, non possono generare lavoro per s\u00e9 e per altri\u201d.<\/p>\n\n\n\n<p>Invece per Andrea Piras (Lega) \u201cper la prima volta stiamo provando a invertire la rotta dello spopolamento delle zone interne della Sardegna, investendo sui nuovi nuclei familiari e sulla nuova impresa locale\u201d. &nbsp;&nbsp;&nbsp;&nbsp;&nbsp;&nbsp;&nbsp;<\/p>\n\n\n\n<p>A seguire Giuseppe Meloni (Pd) ha detto che \u201cle parole dell\u2019onorevole Peru sono le stesse che si sentono fuori dall\u2019aula e che pochi, come l\u2019onorevole Peru, pronunciano in quest\u2019Aula pur condividendole. Buon senso vorrebbe che la maggioranza, davanti a queste parole cos\u00ec chiare, si fermasse a riflettere. Non avete nemmeno deciso se presentare o meno emendamenti semplicemente perch\u00e9 avete paura di infrangere i vostri fragilissimi equilibri e di implodere. Chiaritevi e consentite a quest\u2019Aula di migliorare questo testo anche con le nostre proposte, che tengono conto di errori passati fatti anche da noi, sia chiaro. Ma \u00e8 necessario che si capisca che non possiamo perdere l\u2019occasione di una manovra priva di contenuti attesi dai sardi\u201d.<\/p>\n\n\n\n<p>Il capogruppo del Pad\u2019Az, Franco Mula, ha annunciato un ordine del giorno sull\u2019applicazione delle norme inserite nella legge Omnibus.<\/p>\n\n\n\n<p>Al termine il presidente Pais ha comunicato che lavori del Consiglio riprenderanno alle 17 con gli interventi dei capigruppo. Com<\/p>\n","protected":false},"excerpt":{"rendered":"<p>Cagliari, 8 Feb 2022 &#8211; Il presidente del Consiglio regionale della Sardegna, Michele Pais, ha aperto questa mattina i lavori del consiglio alle 10.20. Constatata&#8230;<\/p>\n","protected":false},"author":2,"featured_media":12799,"comment_status":"closed","ping_status":"open","sticky":false,"template":"","format":"standard","meta":[],"categories":[49,52],"tags":[],"_links":{"self":[{"href":"https:\/\/www.cronacaonline.it\/index.php\/wp-json\/wp\/v2\/posts\/217381"}],"collection":[{"href":"https:\/\/www.cronacaonline.it\/index.php\/wp-json\/wp\/v2\/posts"}],"about":[{"href":"https:\/\/www.cronacaonline.it\/index.php\/wp-json\/wp\/v2\/types\/post"}],"author":[{"embeddable":true,"href":"https:\/\/www.cronacaonline.it\/index.php\/wp-json\/wp\/v2\/users\/2"}],"replies":[{"embeddable":true,"href":"https:\/\/www.cronacaonline.it\/index.php\/wp-json\/wp\/v2\/comments?post=217381"}],"version-history":[{"count":1,"href":"https:\/\/www.cronacaonline.it\/index.php\/wp-json\/wp\/v2\/posts\/217381\/revisions"}],"predecessor-version":[{"id":217382,"href":"https:\/\/www.cronacaonline.it\/index.php\/wp-json\/wp\/v2\/posts\/217381\/revisions\/217382"}],"wp:featuredmedia":[{"embeddable":true,"href":"https:\/\/www.cronacaonline.it\/index.php\/wp-json\/wp\/v2\/media\/12799"}],"wp:attachment":[{"href":"https:\/\/www.cronacaonline.it\/index.php\/wp-json\/wp\/v2\/media?parent=217381"}],"wp:term":[{"taxonomy":"category","embeddable":true,"href":"https:\/\/www.cronacaonline.it\/index.php\/wp-json\/wp\/v2\/categories?post=217381"},{"taxonomy":"post_tag","embeddable":true,"href":"https:\/\/www.cronacaonline.it\/index.php\/wp-json\/wp\/v2\/tags?post=217381"}],"curies":[{"name":"wp","href":"https:\/\/api.w.org\/{rel}","templated":true}]}}