{"id":217354,"date":"2022-02-08T10:01:20","date_gmt":"2022-02-08T09:01:20","guid":{"rendered":"https:\/\/www.cronacaonline.it\/?p=217354"},"modified":"2022-02-08T10:01:22","modified_gmt":"2022-02-08T09:01:22","slug":"vertice-biden-scholz-lescalation-russa-minaccia-leuropa-pronti-a-reagire-pertanto-per-putin-nessuna-via-duscita-dal-precipizio-in-cui-si-va-a-trovare","status":"publish","type":"post","link":"https:\/\/www.cronacaonline.it\/index.php\/2022\/02\/08\/vertice-biden-scholz-lescalation-russa-minaccia-leuropa-pronti-a-reagire-pertanto-per-putin-nessuna-via-duscita-dal-precipizio-in-cui-si-va-a-trovare\/","title":{"rendered":"Vertice Biden-Scholz: &#8220;L&#8217;escalation russa minaccia l&#8217;Europa. Pronti a reagire&#8221;. Pertanto per Putin nessuna via d\u2019uscita dal precipizio in cui si va a trovare."},"content":{"rendered":"\n<p>Cagliari, 8 Feb 2022 - \"Se la Russia invade ulteriormente l'Ucraina, noi siamo pronti, tutta la Nato \u00e8 pronta\" a reagire e ci saranno \"conseguenze rapide e severe\": lo ha detto Joe Biden nella conferenza stampa congiunta con il cancelliere tedesco Olaf Scholz tenuta nello studio ovale dopo l'incontro tra i due leader.<\/p>\n\n\n\n<p>\u00c8 una \"alleanza stretta\" tra Usa e Germania su tutti i temi, dalla crisi Ucraina-Russia al clima, alla lotta alla pandemia, ha sottolineato il presidente Usa.<\/p>\n\n\n\n<p>\"\u00c8 stato un incontro veramente buono su molti temi - ha commentato Biden - abbiamo in comune il bisogno di trattare tutti i popoli con rispetto. Continueremo a rinforzare la nostra alleanza e il nostro rapporto, il nostro comune approccio nel fare da deterrente a una possibile invasione della Russia\". \"Stiamo lavorando - ha aggiunto - con la Germania e con tutti gli alleati europei per trovare la migliore soluzione per tutti\". \"Anche la Germania - ha continuato Biden - \u00e8 tra i leader nella ricerca di una de-escalation della crisi. Se la Russia fa la scelta di invadere noi saremo pronti\". Il presidente ha ringraziato tutti i partner dell'est Europa e dell'Unione Europea per \"i loro sforzi\".<\/p>\n\n\n\n<p>\"Se la Russia dovesse attraversare il confine dell'Ucraina, sicuramente non ci sarebbe un Nord Stream 2\". \"Prometto\" di chiudere il gasdotto, ha rimarcato Biden.<\/p>\n\n\n\n<p>\"La Germania con gli Stati Uniti, insieme ai nostri alleati e partner, stiamo lavorando intensamente per cercare una soluzione diplomatica a questa situazione, e la diplomazia \u00e8 la strada migliore, compreso per la Russia, secondo noi\".<\/p>\n\n\n\n<p>\"Il messaggio di una risposta chiara, netta e coesa \u00e8 stato ribadito cos\u00ec spesso che \u00e8 arrivato anche in Russia\". \u00c8 quanto ha detto il cancelliere tedesco Olaf Scholz alla Casa Bianca. \"Abbiamo preparato il campo delle sanzioni, ma dobbiamo anche ricorrere a tutte le possibilit\u00e0 della diplomazia\", ha aggiunto il cancelliere tedesco, che \u00e8 tornato a citare \"i colloqui bilaterali tra Usa e Russia, cos\u00ec come tra Nato e Russia, dopo tanti anni che questi colloqui non si sono pi\u00f9 potuti tenere\". Lo stesso, ha aggiunto Scholz, vale per gli incontri in ambito Osce: \"Anche qui abbiamo visto un progresso anche se \u00e8 molto faticoso. Oltre a ci\u00f2 ricordo il formato Normandia, che per anni non \u00e8 stato in atto: anche qui si discute duramente, ma si discute per trovare una via per uscire fuori da conflitto\". A detta del cancelliere tedesco, si tratta \"di una doppia strategia, che \u00e8 quella che promette di pi\u00f9 di riuscire\".<\/p>\n\n\n\n<p>\"C'\u00e8 una minaccia militare in Ucraina e non possiamo restare in silenzio. C'\u00e8 una minaccia concreta alla sicurezza europea, \u00e8 importante che tutti gli alleati, i partner oltre atlantico e europei dicano la stessa cosa. Noi abbiamo reso chiaro che se ci sar\u00e0 un'aggressione militare questa comporter\u00e0 misure severe\". \"Non vogliamo - ha aggiunto Scholz - che cominci un attacco ma siamo pronti a reagire se necessario. Allo stesso tempo \u00e8 importante usare tutti gli strumenti diplomatici. La Russia deve capire che la Nato \u00e8 unita\".<\/p>\n\n\n\n<p>Biden ha consigliato agli americani di \"lasciare\" l'Ucraina. Rispondendo alla domanda di un reporter, che chiedeva se avesse un messaggio per i cittadini americani che si trovano in Ucraina, ha risposto: \"Penso che sarebbe saggio lasciare il Paese\". Al termine della conferenza stampa congiunta con il cancelliere tedesco Olaf Scholz, mentre i giornalisti chiedevano, urlando, se se ci fosse ancora spazio per una soluzione diplomatica, Biden, lasciando la sala, ha risposto \"si'\", ma non alla domanda successiva, sul come.<\/p>\n","protected":false},"excerpt":{"rendered":"<p>Cagliari, 8 Feb 2022 &#8211; &#8220;Se la Russia invade ulteriormente l&#8217;Ucraina, noi siamo pronti, tutta la Nato \u00e8 pronta&#8221; a reagire e ci saranno &#8220;conseguenze&#8230;<\/p>\n","protected":false},"author":2,"featured_media":217355,"comment_status":"closed","ping_status":"open","sticky":false,"template":"","format":"standard","meta":[],"categories":[49,51],"tags":[],"_links":{"self":[{"href":"https:\/\/www.cronacaonline.it\/index.php\/wp-json\/wp\/v2\/posts\/217354"}],"collection":[{"href":"https:\/\/www.cronacaonline.it\/index.php\/wp-json\/wp\/v2\/posts"}],"about":[{"href":"https:\/\/www.cronacaonline.it\/index.php\/wp-json\/wp\/v2\/types\/post"}],"author":[{"embeddable":true,"href":"https:\/\/www.cronacaonline.it\/index.php\/wp-json\/wp\/v2\/users\/2"}],"replies":[{"embeddable":true,"href":"https:\/\/www.cronacaonline.it\/index.php\/wp-json\/wp\/v2\/comments?post=217354"}],"version-history":[{"count":1,"href":"https:\/\/www.cronacaonline.it\/index.php\/wp-json\/wp\/v2\/posts\/217354\/revisions"}],"predecessor-version":[{"id":217356,"href":"https:\/\/www.cronacaonline.it\/index.php\/wp-json\/wp\/v2\/posts\/217354\/revisions\/217356"}],"wp:featuredmedia":[{"embeddable":true,"href":"https:\/\/www.cronacaonline.it\/index.php\/wp-json\/wp\/v2\/media\/217355"}],"wp:attachment":[{"href":"https:\/\/www.cronacaonline.it\/index.php\/wp-json\/wp\/v2\/media?parent=217354"}],"wp:term":[{"taxonomy":"category","embeddable":true,"href":"https:\/\/www.cronacaonline.it\/index.php\/wp-json\/wp\/v2\/categories?post=217354"},{"taxonomy":"post_tag","embeddable":true,"href":"https:\/\/www.cronacaonline.it\/index.php\/wp-json\/wp\/v2\/tags?post=217354"}],"curies":[{"name":"wp","href":"https:\/\/api.w.org\/{rel}","templated":true}]}}