{"id":217325,"date":"2022-02-07T15:31:51","date_gmt":"2022-02-07T14:31:51","guid":{"rendered":"https:\/\/www.cronacaonline.it\/?p=217325"},"modified":"2022-02-07T15:55:51","modified_gmt":"2022-02-07T14:55:51","slug":"agricoltura-si-insedia-la-commissione-apistica-regionale-lassessore-murgia-organismo-importante-per-programmare-interventi-a-sostegno-del-comparto","status":"publish","type":"post","link":"https:\/\/www.cronacaonline.it\/index.php\/2022\/02\/07\/agricoltura-si-insedia-la-commissione-apistica-regionale-lassessore-murgia-organismo-importante-per-programmare-interventi-a-sostegno-del-comparto\/","title":{"rendered":"\u2018Destinazione Sardegna Lavoro\u2019 under 35, l\u2019assessore Zedda ai consulenti del lavoro: \u201cda Regione impegno massimo per garantire equit\u00e0. Accolta richiesta per riaprire le domande il 18\u201d."},"content":{"rendered":"\n<p>Cagliari, 7 Feb 2022 \u2013\u00a0\u201cLa necessit\u00e0 di annullare temporaneamente la procedura telematica e rilanciare in altra data il programma SIL per l\u2018accettazione delle domande finalizzate all\u2019erogazione degli aiuti del bando \u2018Destinazione Sardegna Lavoro 2021\u2018 dopo i problemi tecnici di venerd\u00ec scorso, \u00a0\u00e8 una scelta dettata dalla volont\u00e0 di garantire a tutti le stesse condizioni di partecipazione attraverso quello che ad oggi \u00e8 l\u2019unico modo possibile e consentito dalla legge per stanziare le risorse in favore delle imprese\u201d. Lo ha detto l\u2019Assessore del Lavoro, Alessandra Zedda, nel corso della videoconferenza con i Consulenti del Lavoro di Cagliari, Sassari, Nuoro, Oristano, accogliendo la richiesta di riaprire le domande non il 9 come inizialmente previsto ma il 18 del mese e ricordando l\u2019importanza dell\u2019Avviso che, grazie agli aiuti per il sostegno all\u2019occupazione, punta a sostenere le imprese e gli addetti della filiera turistica. L\u2019Assessore ha respinto l\u2019appellativo di \u201cclick day\u201d attribuito al bando: \u201cNon \u00e8 stato un click day, che consente di accedere al finanziamento solo coloro che cliccano prima entro i termini stabiliti. Il Sistema Informativo del Lavoro e della formazione Professionale, SIL, \u00e8 un sistema che raccoglie le istanze, su cui nelle scorse settimane abbiamo lavorato con l\u2019obiettivo di renderlo pi\u00f9 operativo e confacente alle esigenze di tutti, compresi i Consulenti del Lavoro, come dimostra il buon fine avuto per le domande over 35. Si tratta \u2013 ha proseguito - di un sistema informatico certificato che traccia i beneficiari e che rappresenta l\u2019unico strumento a disposizione della Regione per accogliere le domande e stanziare le risorse comunitarie, che devono necessariamente essere tracciate\u201d.<\/p>\n\n\n\n<p>L\u2019esponente della Giunta Solinas ha chiesto espressamente ai Consulenti del lavoro di contribuire a risolvere le criticit\u00e0 ancora in essere con spirito propositivo, esortandoli ad agire nell\u2019interesse esclusivo delle imprese turistiche e fuori da ogni altra logica: \u201cL\u2019obiettivo comune deve essere aiutare le imprese e seguendo questa logica abbiamo agito fino a oggi, cercando di intercettare le linee di finanziamento disponibili e mettendo in campo gli strumenti pi\u00f9 utili per sostenere le aziende\u201d, ha rimarcato l\u2019Assessore Zedda. Nel corso dell\u2019incontro l\u2019Assessore ha accolto la richiesta di fissare una nuova data per l\u2019apertura delle domande, individuata per il 18 del mese. Destinatarie dei fondi comunitari in questione sono le imprese per le assunzioni effettuate a partire dal 1\u00b0 febbraio 2021 fino al 31 Dicembre 2021 che hanno riguardato giovani under 35 e disoccupati over 35. Guadando anche agli altri strumenti messi in campo dalla Regione, l\u2019Assessore del Lavoro ha evidenziato l\u2019impego messo in campo per andare incontro alle esigenze delle realt\u00e0 imprenditoriali sarde: \u201cPosso dire che stiamo pagando a regime cerando di coprire tutte le istanze ricevute. Continueremo a farlo anche con questo Avviso cos\u00ec come \u00e8 avvenuto per il Bando Resisto, intervenuto per combattere la crisi e a cui hanno partecipato in 22mila, con l'obiettivo di sostenere concretamente le realt\u00e0 imprenditoriali sarde e favorire l'occupazione\u201d.<\/p>\n\n\n\n<p>Per il target \"under 35\" lavoratori delle micro, piccole, medie imprese e grandi imprese, la domanda di aiuto potr\u00e0 ora essere ripresentata a partire dalle ore 10.00 del 18 febbraio 2022.&nbsp;Com<\/p>\n","protected":false},"excerpt":{"rendered":"<p>Cagliari, 7 Feb 2022 \u2013\u00a0\u201cLa necessit\u00e0 di annullare temporaneamente la procedura telematica e rilanciare in altra data il programma SIL per l\u2018accettazione delle domande finalizzate&#8230;<\/p>\n","protected":false},"author":2,"featured_media":217016,"comment_status":"closed","ping_status":"open","sticky":false,"template":"","format":"standard","meta":[],"categories":[49,52],"tags":[],"_links":{"self":[{"href":"https:\/\/www.cronacaonline.it\/index.php\/wp-json\/wp\/v2\/posts\/217325"}],"collection":[{"href":"https:\/\/www.cronacaonline.it\/index.php\/wp-json\/wp\/v2\/posts"}],"about":[{"href":"https:\/\/www.cronacaonline.it\/index.php\/wp-json\/wp\/v2\/types\/post"}],"author":[{"embeddable":true,"href":"https:\/\/www.cronacaonline.it\/index.php\/wp-json\/wp\/v2\/users\/2"}],"replies":[{"embeddable":true,"href":"https:\/\/www.cronacaonline.it\/index.php\/wp-json\/wp\/v2\/comments?post=217325"}],"version-history":[{"count":2,"href":"https:\/\/www.cronacaonline.it\/index.php\/wp-json\/wp\/v2\/posts\/217325\/revisions"}],"predecessor-version":[{"id":217327,"href":"https:\/\/www.cronacaonline.it\/index.php\/wp-json\/wp\/v2\/posts\/217325\/revisions\/217327"}],"wp:featuredmedia":[{"embeddable":true,"href":"https:\/\/www.cronacaonline.it\/index.php\/wp-json\/wp\/v2\/media\/217016"}],"wp:attachment":[{"href":"https:\/\/www.cronacaonline.it\/index.php\/wp-json\/wp\/v2\/media?parent=217325"}],"wp:term":[{"taxonomy":"category","embeddable":true,"href":"https:\/\/www.cronacaonline.it\/index.php\/wp-json\/wp\/v2\/categories?post=217325"},{"taxonomy":"post_tag","embeddable":true,"href":"https:\/\/www.cronacaonline.it\/index.php\/wp-json\/wp\/v2\/tags?post=217325"}],"curies":[{"name":"wp","href":"https:\/\/api.w.org\/{rel}","templated":true}]}}