{"id":217316,"date":"2022-02-07T12:02:37","date_gmt":"2022-02-07T11:02:37","guid":{"rendered":"https:\/\/www.cronacaonline.it\/?p=217316"},"modified":"2022-02-07T12:02:39","modified_gmt":"2022-02-07T11:02:39","slug":"scuola-da-oggi-quarantena-ridotta-e-didattica-a-distanza-per-non-vaccinati-i-presidi-troppe-regole-rischio-caos","status":"publish","type":"post","link":"https:\/\/www.cronacaonline.it\/index.php\/2022\/02\/07\/scuola-da-oggi-quarantena-ridotta-e-didattica-a-distanza-per-non-vaccinati-i-presidi-troppe-regole-rischio-caos\/","title":{"rendered":"Scuola, da oggi quarantena ridotta e didattica a distanza per non vaccinati. I presidi: &#8220;Troppe regole, rischio caos&#8221;."},"content":{"rendered":"\n<p>Roma, 7 Feb 2022 - Scuola, si riparte oggi con nuove regole. Una marcia in avanti ma con valore anche di retroattivit\u00e0.\u00a0<\/p>\n\n\n\n<p>Il sito del ministero dell\u2019Istruzione ha chiarito uno dei principali dubbi di genitori e insegnanti: la nuova indicazione sul periodo di quarantena di cinque giorni \"si applica anche ai soggetti che, alla data di entrata in vigore del decreto-legge 4 febbraio 2022, n. 5, ossia alla data del 5 febbraio 2022, siano gi\u00e0 sottoposti a tale misura senza che questa sia ancora cessata ovvero che si trovino in quarantena da almeno cinque giorni\u201d.<\/p>\n\n\n\n<p>In aula oggi dovrebbero quindi tornare circa 600 mila studenti di ogni ordine e grado assieme ai loro&nbsp;dirigenti scolastici che non nascondono dubbi e perplessit\u00e0: \u201cSiamo preoccupati perch\u00e9 ci sono contraddizioni tra alcune disposizioni del decreto legge, altre del ministero della Salute e dell'Istruzione, altre ancora delle Regioni\u201d.<\/p>\n\n\n\n<p>E proprio sul nodo scuola dalle pagine de La Stampa \u00e8 intervenuto duramente Agostino Miozzo - coordinatore a inizio pandemia del Cts e poi consulente del ministro Bianchi \u2013 che ha affermato come si tratti di regole ingestibili:&nbsp;\" Fanno bene i ragazzi a protestare, se avessi 50 anni di meno scenderei in piazza anch'io. Stiamo mettendo una palla di piombo ai loro piedi\".&nbsp;<\/p>\n\n\n\n<p>Miozzo ha quindi aggiunto: \u201cLa discriminazione in ambito scolastico tra chi \u00e8 vaccinato e chi non lo \u00e8 non mi piace. Bisogna evitarla utilizzando un monitoraggio costante attraverso tamponi a tappeto per il quale bisogna certamente comprendere che siamo in emergenza e che nelle scuole quando si uscir\u00e0 dall'emergenza coronavirus si passer\u00e0 a un'emergenza sociale che vedr\u00e0 esplodere la rabbia e la contestazione\". E sulla dad ha spiegato che \"deve diventare un momento straordinario, non pu\u00f2 essere un escamotage per affrontare problemi antichi. Oltre alla dad si parla di dad e didattica mista, \u00e8 una cosa cervellotica\".<\/p>\n\n\n\n<p>In attesa di capire come evolver\u00e0 anche la situazione anche dal fronte della protesta studentesca, ecco le nuove regole in vigore da oggi<\/p>\n\n\n\n<p>Con cinque o pi\u00f9 casi di positivit\u00e0 nei servizi educativi per l'infanzia, nella scuola dell'infanzia e nella scuola primaria e con due casi o pi\u00f9 di positivit\u00e0 nella scuola secondaria di I e II grado, si applica ai bambini e agli alunni il regime sanitario dell'autosorveglianza, ove ne ricorrano le condizioni (vaccinati e guariti da meno di 120 giorni o dopo il ciclo vaccinale primario, vaccinati con dose di richiamo), altrimenti si applica il regime sanitario della quarantena precauzionale di cinque giorni, che termina con un tampone negativo. Per i successivi cinque giorni dopo il rientro dalla quarantena gli studenti dai 6 anni in su indossano la mascherina ffp2.<\/p>\n\n\n\n<p>Fino a quattro casi di positivit\u00e0 nella stessa sezione\/gruppo classe, l'attivit\u00e0 educativa e didattica prosegue in presenza per tutti. \u00c8 previsto l'utilizzo di mascherine ffp2 da parte dei docenti e degli educatori fino al decimo giorno successivo alla conoscenza dell'ultimo caso di positivit\u00e0. In caso di comparsa di sintomi, \u00e8 obbligatorio effettuare un test antigenico (rapido o autosomministrato fai-da-te) o un test molecolare. Se si \u00e8 ancora sintomatici, il test va ripetuto al quinto giorno successivo alla data dell'ultimo contatto. Con cinque o pi\u00f9 casi di positivit\u00e0 nella stessa sezione\/gruppo classe l'attivit\u00e0 educativa e didattica \u00e8 sospesa per cinque giorni.<\/p>\n\n\n\n<p>Fino a quattro casi di positivit\u00e0 nella stessa classe le attivit\u00e0 proseguono per tutti in presenza con l'utilizzo di mascherine ffp2 (sia nel caso dei docenti che degli alunni sopra i 6 anni) fino al decimo giorno successivo alla conoscenza dell'ultimo caso di positivit\u00e0. In caso di comparsa di sintomi, \u00e8 obbligatorio effettuare un test antigenico (rapido o autosomministrato) o un molecolare. Se si \u00e8 ancora sintomatici, il test va ripetuto al quinto giorno successivo alla data dell'ultimo contatto. Con cinque o pi\u00f9 casi di positivit\u00e0 nella stessa classe i vaccinati e i guariti da meno di 120 giorni o dopo il ciclo vaccinale primario, i vaccinati con dose di richiamo e gli esenti dalla vaccinazione proseguono l'attivit\u00e0 in presenza con l'utilizzo della mascherina ffp2 (sia nel caso dei docenti che degli alunni sopra i 6 anni) fino al decimo giorno successivo alla conoscenza dell'ultimo caso di positivit\u00e0. Per la permanenza in aula \u00e8 sufficiente la certificazione verde, controllata tramite App mobile. Per gli altri alunni \u00e8 prevista la didattica digitale integrata per cinque giorni.<\/p>\n\n\n\n<p>Con un caso di positivit\u00e0 nella stessa classe l'attivit\u00e0 didattica prosegue per tutti con l'utilizzo di mascherine ffp2. Con due o pi\u00f9 casi di positivit\u00e0 nella stessa classe i vaccinati e i guariti da meno di 120 giorni o dopo il ciclo vaccinale primario, i vaccinati con dose di richiamo e gli esenti dalla vaccinazione proseguono l'attivit\u00e0 in presenza con l'utilizzo di mascherine ffp2. Per la permanenza in aula \u00e8 sufficiente la certificazione verde, controllata tramite App mobile. Per gli altri studenti \u00e8 prevista la didattica digitale integrata per cinque giorni. Com<\/p>\n","protected":false},"excerpt":{"rendered":"<p>Roma, 7 Feb 2022 &#8211; Scuola, si riparte oggi con nuove regole. Una marcia in avanti ma con valore anche di retroattivit\u00e0.\u00a0 Il sito del&#8230;<\/p>\n","protected":false},"author":2,"featured_media":217088,"comment_status":"closed","ping_status":"open","sticky":false,"template":"","format":"standard","meta":[],"categories":[49,51],"tags":[],"_links":{"self":[{"href":"https:\/\/www.cronacaonline.it\/index.php\/wp-json\/wp\/v2\/posts\/217316"}],"collection":[{"href":"https:\/\/www.cronacaonline.it\/index.php\/wp-json\/wp\/v2\/posts"}],"about":[{"href":"https:\/\/www.cronacaonline.it\/index.php\/wp-json\/wp\/v2\/types\/post"}],"author":[{"embeddable":true,"href":"https:\/\/www.cronacaonline.it\/index.php\/wp-json\/wp\/v2\/users\/2"}],"replies":[{"embeddable":true,"href":"https:\/\/www.cronacaonline.it\/index.php\/wp-json\/wp\/v2\/comments?post=217316"}],"version-history":[{"count":1,"href":"https:\/\/www.cronacaonline.it\/index.php\/wp-json\/wp\/v2\/posts\/217316\/revisions"}],"predecessor-version":[{"id":217317,"href":"https:\/\/www.cronacaonline.it\/index.php\/wp-json\/wp\/v2\/posts\/217316\/revisions\/217317"}],"wp:featuredmedia":[{"embeddable":true,"href":"https:\/\/www.cronacaonline.it\/index.php\/wp-json\/wp\/v2\/media\/217088"}],"wp:attachment":[{"href":"https:\/\/www.cronacaonline.it\/index.php\/wp-json\/wp\/v2\/media?parent=217316"}],"wp:term":[{"taxonomy":"category","embeddable":true,"href":"https:\/\/www.cronacaonline.it\/index.php\/wp-json\/wp\/v2\/categories?post=217316"},{"taxonomy":"post_tag","embeddable":true,"href":"https:\/\/www.cronacaonline.it\/index.php\/wp-json\/wp\/v2\/tags?post=217316"}],"curies":[{"name":"wp","href":"https:\/\/api.w.org\/{rel}","templated":true}]}}