{"id":217253,"date":"2022-02-05T10:02:48","date_gmt":"2022-02-05T09:02:48","guid":{"rendered":"https:\/\/www.cronacaonline.it\/?p=217253"},"modified":"2022-02-05T10:02:50","modified_gmt":"2022-02-05T09:02:50","slug":"covid-le-stupide-convinzioni-sul-coronavirus-di-una-intera-famiglia-non-vaccinata-hanno-portato-alla-morte-in-30-giorni-le-sei-persone-che-la-componevano","status":"publish","type":"post","link":"https:\/\/www.cronacaonline.it\/index.php\/2022\/02\/05\/covid-le-stupide-convinzioni-sul-coronavirus-di-una-intera-famiglia-non-vaccinata-hanno-portato-alla-morte-in-30-giorni-le-sei-persone-che-la-componevano\/","title":{"rendered":"Covid, le stupide convinzioni sul Coronavirus di una intera famiglia non vaccinata hanno portato alla morte in 30 giorni, le sei persone che la componevano."},"content":{"rendered":"\n<p>Cagliari, 5 Gen 2022 - Quasi un'intera famiglia - sei persone -\u00a0sterminata dal Coronavirus: nessuno si era voluto vaccinare, rimanendo legate alle false convinzioni che il vaccino sia nocivo, ma per loro, purtroppo, \u00e8 stato fatale il Covid. Tutte morte le sei persone, nel giro di soli 30 giorni.<\/p>\n\n\n\n<p>Il terribile fatto, \u00e8 successo a Pietraperzia, in provincia di Enna. Il primo a morire - a fine dicembre - \u00e8 stato il padre, 80 anni, deceduto in casa dopo l'arrivo del 118 che non \u00e8 riuscito a salvarlo. Poi a seguire i decessi della moglie, 78 anni, un figlio di 50 ed una sorella di 55: tutti e quattro morti all'ospedale Umberto I di&nbsp;Enna. Gli ultimi due decessi in famiglia nel nosocomio, sono avvenuti ieri: si tratta della terza sorella, 52 anni e la nonna paterna di 91 anni di Noemi, 25 anni: sopravvissuta e che si \u00e8 vista decimare la sua famiglia d'origine, tra Natale e gennaio: \"siamo devastati. Abbiamo perso tutto\", ha dichiarato alla stampa.<\/p>\n\n\n\n<p>Noemi: \"avevano paura&nbsp;- ha raccontato - c'erano stati amici e conoscenti che avevano avuto gravi conseguenze dal vaccino e, dunque, tutti avevano scelto di non farlo\".&nbsp;<\/p>\n\n\n\n<p>\u201cUna tragedia che ha scosso l\u2019intera comunit\u00e0 pietrina - il commento con la stampa di Salvuccio Messina, sindaco di Pietraperzia - un\u2019intera famiglia sterminata da questo maledetto virus che, purtroppo, si \u00e8 accanito\",&nbsp;il sindaco ha postato un fiocco nero&nbsp;a manifestare il lutto, sul suo profilo social.<\/p>\n\n\n\n<p>\"Questa tragedia familiare - dice Emanuele Cassar\u00e0, direttore sanitario dell'Umberto I - dimostra che l'unica arma per evitare conseguenze cos\u00ec nefaste \u00e8 il vaccino\".<\/p>\n","protected":false},"excerpt":{"rendered":"<p>Cagliari, 5 Gen 2022 &#8211; Quasi un&#8217;intera famiglia &#8211; sei persone &#8211;\u00a0sterminata dal Coronavirus: nessuno si era voluto vaccinare, rimanendo legate alle false convinzioni che&#8230;<\/p>\n","protected":false},"author":2,"featured_media":204396,"comment_status":"closed","ping_status":"open","sticky":false,"template":"","format":"standard","meta":[],"categories":[49,51],"tags":[],"_links":{"self":[{"href":"https:\/\/www.cronacaonline.it\/index.php\/wp-json\/wp\/v2\/posts\/217253"}],"collection":[{"href":"https:\/\/www.cronacaonline.it\/index.php\/wp-json\/wp\/v2\/posts"}],"about":[{"href":"https:\/\/www.cronacaonline.it\/index.php\/wp-json\/wp\/v2\/types\/post"}],"author":[{"embeddable":true,"href":"https:\/\/www.cronacaonline.it\/index.php\/wp-json\/wp\/v2\/users\/2"}],"replies":[{"embeddable":true,"href":"https:\/\/www.cronacaonline.it\/index.php\/wp-json\/wp\/v2\/comments?post=217253"}],"version-history":[{"count":1,"href":"https:\/\/www.cronacaonline.it\/index.php\/wp-json\/wp\/v2\/posts\/217253\/revisions"}],"predecessor-version":[{"id":217254,"href":"https:\/\/www.cronacaonline.it\/index.php\/wp-json\/wp\/v2\/posts\/217253\/revisions\/217254"}],"wp:featuredmedia":[{"embeddable":true,"href":"https:\/\/www.cronacaonline.it\/index.php\/wp-json\/wp\/v2\/media\/204396"}],"wp:attachment":[{"href":"https:\/\/www.cronacaonline.it\/index.php\/wp-json\/wp\/v2\/media?parent=217253"}],"wp:term":[{"taxonomy":"category","embeddable":true,"href":"https:\/\/www.cronacaonline.it\/index.php\/wp-json\/wp\/v2\/categories?post=217253"},{"taxonomy":"post_tag","embeddable":true,"href":"https:\/\/www.cronacaonline.it\/index.php\/wp-json\/wp\/v2\/tags?post=217253"}],"curies":[{"name":"wp","href":"https:\/\/api.w.org\/{rel}","templated":true}]}}