{"id":217189,"date":"2022-02-03T18:40:08","date_gmt":"2022-02-03T17:40:08","guid":{"rendered":"https:\/\/www.cronacaonline.it\/?p=217189"},"modified":"2022-02-03T18:40:10","modified_gmt":"2022-02-03T17:40:10","slug":"covid-oms-la-tregua-in-europa-che-potrebbe-portare-alla-fine-della-pandemia","status":"publish","type":"post","link":"https:\/\/www.cronacaonline.it\/index.php\/2022\/02\/03\/covid-oms-la-tregua-in-europa-che-potrebbe-portare-alla-fine-della-pandemia\/","title":{"rendered":"Covid, Oms: &#8220;La tregua in Europa che potrebbe portare alla fine della pandemia&#8221;."},"content":{"rendered":"\n<p>Cagliari, 3 Feb 2022 \u2013 A due anni dall'inizio della pandemia di Covid-19, l'Europa potrebbe presto entrare in un \"lungo periodo di tranquillit\u00e0\" grazie agli alti tassi di\u00a0vaccinazione, alla\u00a0variante Omicron\u00a0pi\u00f9 mite e alla\u00a0fine dell'inverno.<\/p>\n\n\n\n<p>\u201cNon possiamo dire che tutto sia finito, ma voglio evidenziare che la Regione europea ha la straordinaria opportunit\u00e0 di prendere il controllo della trasmissione. Questo contesto, che finora non abbiamo mai sperimentato durante la pandemia, ci d\u00e0 la possibilit\u00e0 di un lungo periodo di tranquillit\u00e0 e un livello molto pi\u00f9 elevato di difesa della popolazione, anche in caso di una variante pi\u00f9 virulenta\". E' ottimista&nbsp;Hans Kluge, direttore dell'Oms Europa, nel quadro tracciato in conferenza stampa sulla&nbsp;situazione pandemica europea, tanto da parlare di \"un plausibile finale di partita per la pandemia\".&nbsp;<\/p>\n\n\n\n<p>\"Questo periodo di maggiore protezione - sottolinea - dovrebbe essere visto come un \u201ccessate il fuoco\u201d che potrebbe portarci una pace duratura. A condizione che si continui a consolidare e preservare l'immunit\u00e0 continuando a vaccinare, anche con terza dose; mantenere alta l'attenzione sui pi\u00f9 vulnerabili; promuovere comportamenti di autoprotezione e responsabilit\u00e0 individuale; intensificare la sorveglianza per scoprire nuove varianti tempestivamente\".<\/p>\n\n\n\n<p>Ad avvalorare l'ipotesi dell'Oms c'\u00e8 anche il fatto che \"l'aumento dei ricoveri&nbsp;si sia verificato&nbsp;principalmente nei Paesi con una minore diffusione delle vaccinazioni&nbsp;nelle fasce vulnerabili. Inoltre nel complesso&nbsp;le terapie intensive&nbsp;non sono aumentate in modo significativo e&nbsp;il numero dei decessi&nbsp;in tutta la Regione inizia&nbsp;a stabilizzarsi\".<\/p>\n","protected":false},"excerpt":{"rendered":"<p>Cagliari, 3 Feb 2022 \u2013 A due anni dall&#8217;inizio della pandemia di Covid-19, l&#8217;Europa potrebbe presto entrare in un &#8220;lungo periodo di tranquillit\u00e0&#8221; grazie agli&#8230;<\/p>\n","protected":false},"author":2,"featured_media":194671,"comment_status":"closed","ping_status":"open","sticky":false,"template":"","format":"standard","meta":[],"categories":[49,51],"tags":[],"_links":{"self":[{"href":"https:\/\/www.cronacaonline.it\/index.php\/wp-json\/wp\/v2\/posts\/217189"}],"collection":[{"href":"https:\/\/www.cronacaonline.it\/index.php\/wp-json\/wp\/v2\/posts"}],"about":[{"href":"https:\/\/www.cronacaonline.it\/index.php\/wp-json\/wp\/v2\/types\/post"}],"author":[{"embeddable":true,"href":"https:\/\/www.cronacaonline.it\/index.php\/wp-json\/wp\/v2\/users\/2"}],"replies":[{"embeddable":true,"href":"https:\/\/www.cronacaonline.it\/index.php\/wp-json\/wp\/v2\/comments?post=217189"}],"version-history":[{"count":1,"href":"https:\/\/www.cronacaonline.it\/index.php\/wp-json\/wp\/v2\/posts\/217189\/revisions"}],"predecessor-version":[{"id":217190,"href":"https:\/\/www.cronacaonline.it\/index.php\/wp-json\/wp\/v2\/posts\/217189\/revisions\/217190"}],"wp:featuredmedia":[{"embeddable":true,"href":"https:\/\/www.cronacaonline.it\/index.php\/wp-json\/wp\/v2\/media\/194671"}],"wp:attachment":[{"href":"https:\/\/www.cronacaonline.it\/index.php\/wp-json\/wp\/v2\/media?parent=217189"}],"wp:term":[{"taxonomy":"category","embeddable":true,"href":"https:\/\/www.cronacaonline.it\/index.php\/wp-json\/wp\/v2\/categories?post=217189"},{"taxonomy":"post_tag","embeddable":true,"href":"https:\/\/www.cronacaonline.it\/index.php\/wp-json\/wp\/v2\/tags?post=217189"}],"curies":[{"name":"wp","href":"https:\/\/api.w.org\/{rel}","templated":true}]}}