{"id":217185,"date":"2022-02-03T17:40:01","date_gmt":"2022-02-03T16:40:01","guid":{"rendered":"https:\/\/www.cronacaonline.it\/?p=217185"},"modified":"2022-02-03T17:40:07","modified_gmt":"2022-02-03T16:40:07","slug":"lotta-al-covid-in-arrivo-domani-il-nuovo-farmaco-antivirale-lassessore-nieddu-sardegna-in-prima-linea-sulle-cure-innovative","status":"publish","type":"post","link":"https:\/\/www.cronacaonline.it\/index.php\/2022\/02\/03\/lotta-al-covid-in-arrivo-domani-il-nuovo-farmaco-antivirale-lassessore-nieddu-sardegna-in-prima-linea-sulle-cure-innovative\/","title":{"rendered":"Lotta al Covid, in arrivo domani il nuovo farmaco antivirale. L\u2019assessore Nieddu: \u201cSardegna in prima linea sulle cure innovative\u201d."},"content":{"rendered":"\n<p>Cagliari, 3 Feb 2022\u00a0\u2013 \u00c8 in arrivo anche in Sardegna il nuovo anti-virale \u201cPaxlovid\u201d della casa farmaceutica Pfizer. I primi 113 trattamenti completi del farmaco a uso orale, autorizzato dall\u2019Aifa per le cure sperimentali contro il Covid-19, arriveranno domani nell\u2019Isola e saranno consegnati alla farmacia dell\u2019ospedale Santissima Trinit\u00e0, centro regionale per lo stoccaggio e la distribuzione dei farmaci antivirali e degli anticorpi monoclonali. Le scorte destinate alla Sardegna fanno parte dei primi 11.200 trattamenti completi consegnati in Italia. Secondo quanto reso noto dalla struttura commissariale la fornitura prevista nel corso del 2022 per il nostro Paese ammonta a 600 mila trattamenti completi. Le indicazioni dell\u2019Aifa prevedono l\u2019impiego del \u201cPaxlovid\u201d entro cinque giorni dall\u2019insorgenza dei sintomi e il trattamento per un periodo di cinque giorni.<\/p>\n\n\n\n<p>\u201cAnche il nostro sistema sanitario \u2013 dichiara l\u2019assessore regionale della Sanit\u00e0, Mario Nieddu \u2013 segue attivamente l\u2019evoluzione in ambito scientifico delle cure contro il Covid. Come gli altri antivirali anche il \u201cPaxlovid\u201d \u00e8 indicato per il trattamento precoce dei casi positivi che presentano importanti fattori di rischio per la possibilit\u00e0 di sviluppare le forme pi\u00f9 gravi della malattia e quindi l\u2019ospedalizzazione. Questi farmaci non sostituiscono i vaccini, che restano il primo baluardo contro il virus, ma rappresentano un\u2019arma in pi\u00f9. Le nostre strutture sanitarie sono pronte e i trattamenti sono eseguiti e monitorati scrupolosamente dal personale sanitario\u201d.<\/p>\n\n\n\n<p>In Sardegna sono undici le strutture ospedaliere distribuite su tutto il territorio e autorizzate dalla Regione alla prescrizione e al trattamento dei pazienti con i farmaci antivirali e anticorpi-monoclonali:&nbsp;&nbsp;l'ospedale Marino di Alghero, il Giovanni Paolo II di Olbia, il Nostra Signora della Mercede di Lanusei, il San Francesco di Nuoro, il San Martino di Oristano, il Nostra Signora di Bonaria di San Gavino, il Cto di Iglesias, le Cliniche San Pietro di Sassari, il Santissima Trinit\u00e0 e il San Michele (Arnas G. Brotzu) di Cagliari e il Policlinico Duilio Casula di Monserrato.&nbsp;Red<\/p>\n","protected":false},"excerpt":{"rendered":"<p>Cagliari, 3 Feb 2022\u00a0\u2013 \u00c8 in arrivo anche in Sardegna il nuovo anti-virale \u201cPaxlovid\u201d della casa farmaceutica Pfizer. I primi 113 trattamenti completi del farmaco&#8230;<\/p>\n","protected":false},"author":2,"featured_media":209098,"comment_status":"closed","ping_status":"open","sticky":false,"template":"","format":"standard","meta":[],"categories":[49,52],"tags":[],"_links":{"self":[{"href":"https:\/\/www.cronacaonline.it\/index.php\/wp-json\/wp\/v2\/posts\/217185"}],"collection":[{"href":"https:\/\/www.cronacaonline.it\/index.php\/wp-json\/wp\/v2\/posts"}],"about":[{"href":"https:\/\/www.cronacaonline.it\/index.php\/wp-json\/wp\/v2\/types\/post"}],"author":[{"embeddable":true,"href":"https:\/\/www.cronacaonline.it\/index.php\/wp-json\/wp\/v2\/users\/2"}],"replies":[{"embeddable":true,"href":"https:\/\/www.cronacaonline.it\/index.php\/wp-json\/wp\/v2\/comments?post=217185"}],"version-history":[{"count":1,"href":"https:\/\/www.cronacaonline.it\/index.php\/wp-json\/wp\/v2\/posts\/217185\/revisions"}],"predecessor-version":[{"id":217186,"href":"https:\/\/www.cronacaonline.it\/index.php\/wp-json\/wp\/v2\/posts\/217185\/revisions\/217186"}],"wp:featuredmedia":[{"embeddable":true,"href":"https:\/\/www.cronacaonline.it\/index.php\/wp-json\/wp\/v2\/media\/209098"}],"wp:attachment":[{"href":"https:\/\/www.cronacaonline.it\/index.php\/wp-json\/wp\/v2\/media?parent=217185"}],"wp:term":[{"taxonomy":"category","embeddable":true,"href":"https:\/\/www.cronacaonline.it\/index.php\/wp-json\/wp\/v2\/categories?post=217185"},{"taxonomy":"post_tag","embeddable":true,"href":"https:\/\/www.cronacaonline.it\/index.php\/wp-json\/wp\/v2\/tags?post=217185"}],"curies":[{"name":"wp","href":"https:\/\/api.w.org\/{rel}","templated":true}]}}