{"id":217161,"date":"2022-02-03T12:48:33","date_gmt":"2022-02-03T11:48:33","guid":{"rendered":"https:\/\/www.cronacaonline.it\/?p=217161"},"modified":"2022-02-03T12:48:35","modified_gmt":"2022-02-03T11:48:35","slug":"domani-in-consiglio-regionale-della-sardegna-lelezione-dei-componenti-del-cal","status":"publish","type":"post","link":"https:\/\/www.cronacaonline.it\/index.php\/2022\/02\/03\/domani-in-consiglio-regionale-della-sardegna-lelezione-dei-componenti-del-cal\/","title":{"rendered":"Domani in Consiglio regionale della Sardegna l\u2019elezione dei componenti del Cal."},"content":{"rendered":"\n<p>Cagliari, 3 Feb 2022 -\u00a0 Dalle 9 di domani, venerd\u00ec 4 febbraio 2022, si terr\u00e0 in Consiglio regionale l\u2019elezione dei componenti elettivi del Consiglio delle Autonomie locali.<\/p>\n\n\n\n<p>&nbsp;I seggi allestiti, nei locali del Transatlantico del palazzo di via Roma, resteranno aperti fino alle 13.<\/p>\n\n\n\n<p>Come previsto dall\u2019articolo 4 della Legge regionale 17 gennaio 2005 n. 1, i componenti&nbsp;&nbsp; del Consiglio delle Autonomie Locali, sono eletti in un \u2018Assemblea regionale dei Sindaci convocata dal Presidente del Consiglio regionale.<\/p>\n\n\n\n<p>I sindaci chiamati al voto sono 360. Fanno parte di diritto del Cal i sindaci di Cagliari, Sassari, Oristano, Nuoro, Carbonia, Iglesias, Sanluri, Villacidro, Lanusei, Tortol\u00ec, Olbia e Tempio Pausania.<\/p>\n\n\n\n<p>Non sono ammessi al voto i comuni di Gonnoscodina, Nureci, Seneghe, Sorgono e Zerfaliu che sono commissariati.&nbsp;&nbsp;<\/p>\n\n\n\n<p>Il consiglio delle Autonomie locali rester\u00e0 in carica tre anni.<\/p>\n\n\n\n<p>\u201cRingrazio il Consiglio delle Autonomie locali uscente per il grande lavoro svolto \u2013 ha detto il Presidente del Consiglio regionale Michele Pais \u2013 soprattutto negli anni difficili che abbiamo vissuto a causa della pandemia. Sono sicuro che la grande collaborazione tra il Consiglio regionale e il Cal, che sar\u00e0 eletto domani, sar\u00e0 sempre pi\u00f9 incisiva. L\u2019ascolto di tutti i territori \u00e8 la base della produzione legislativa che deve essere la risultante di un\u2019azione sinergica tra i diversi livelli di governo\u201d. Com<\/p>\n","protected":false},"excerpt":{"rendered":"<p>Cagliari, 3 Feb 2022 &#8211;\u00a0 Dalle 9 di domani, venerd\u00ec 4 febbraio 2022, si terr\u00e0 in Consiglio regionale l\u2019elezione dei componenti elettivi del Consiglio delle&#8230;<\/p>\n","protected":false},"author":2,"featured_media":192512,"comment_status":"closed","ping_status":"open","sticky":false,"template":"","format":"standard","meta":[],"categories":[49,52],"tags":[],"_links":{"self":[{"href":"https:\/\/www.cronacaonline.it\/index.php\/wp-json\/wp\/v2\/posts\/217161"}],"collection":[{"href":"https:\/\/www.cronacaonline.it\/index.php\/wp-json\/wp\/v2\/posts"}],"about":[{"href":"https:\/\/www.cronacaonline.it\/index.php\/wp-json\/wp\/v2\/types\/post"}],"author":[{"embeddable":true,"href":"https:\/\/www.cronacaonline.it\/index.php\/wp-json\/wp\/v2\/users\/2"}],"replies":[{"embeddable":true,"href":"https:\/\/www.cronacaonline.it\/index.php\/wp-json\/wp\/v2\/comments?post=217161"}],"version-history":[{"count":1,"href":"https:\/\/www.cronacaonline.it\/index.php\/wp-json\/wp\/v2\/posts\/217161\/revisions"}],"predecessor-version":[{"id":217162,"href":"https:\/\/www.cronacaonline.it\/index.php\/wp-json\/wp\/v2\/posts\/217161\/revisions\/217162"}],"wp:featuredmedia":[{"embeddable":true,"href":"https:\/\/www.cronacaonline.it\/index.php\/wp-json\/wp\/v2\/media\/192512"}],"wp:attachment":[{"href":"https:\/\/www.cronacaonline.it\/index.php\/wp-json\/wp\/v2\/media?parent=217161"}],"wp:term":[{"taxonomy":"category","embeddable":true,"href":"https:\/\/www.cronacaonline.it\/index.php\/wp-json\/wp\/v2\/categories?post=217161"},{"taxonomy":"post_tag","embeddable":true,"href":"https:\/\/www.cronacaonline.it\/index.php\/wp-json\/wp\/v2\/tags?post=217161"}],"curies":[{"name":"wp","href":"https:\/\/api.w.org\/{rel}","templated":true}]}}