{"id":217155,"date":"2022-02-03T11:55:35","date_gmt":"2022-02-03T10:55:35","guid":{"rendered":"https:\/\/www.cronacaonline.it\/?p=217155"},"modified":"2022-02-03T11:55:37","modified_gmt":"2022-02-03T10:55:37","slug":"bonorva-conclusi-i-lavori-sulla-131-lassessore-salaris-domani-la-riapertura-al-traffico-della-carreggiata","status":"publish","type":"post","link":"https:\/\/www.cronacaonline.it\/index.php\/2022\/02\/03\/bonorva-conclusi-i-lavori-sulla-131-lassessore-salaris-domani-la-riapertura-al-traffico-della-carreggiata\/","title":{"rendered":"Bonorva, conclusi i lavori sulla 131. L\u2019assessore Salaris: \u201cdomani la riapertura al traffico della carreggiata\u201d."},"content":{"rendered":"\n<p>Cagliari, 3 Feb 2022 \u2013\u00a0\u00c8 stato ripristinato il tratto di 131, all\u2019altezza del km 164 (Bonorva) in direzione Cagliari, danneggiato da un cedimento che aveva generato una voragine sulla carreggiata. Sono stati quindi conclusi i lavori di consolidamento della strada interessata dal movimento franoso circa un anno fa e da quel momento chiusa al traffico. \u201cLa carreggiata verr\u00e0 riaperta al traffico domani\u201d, annuncia l\u2019Assessore dei Lavori Pubblici, Aldo Salaris ripercorrendo le tappe che hanno portato alla conclusione dell\u2019intervento. \u201cSiamo intervenuti con decisione e tempestivit\u00e0, lavorando di concerto con Anas in un clima di positiva e proficua collaborazione, con l\u2019obiettivo di accelerare i tempi di realizzazione dell\u2019intervento per garantire nuovamente un collegamento sicuro al territorio\u201d, ha spiegato l\u2019esponente della Giunta Sarda. Numerosi sono stati i sopralluoghi avvenuti nel corso di questi mesi per verificare lo stato dei lavori e i vari passi di avanzamento. Per circa un mese i lavori si sposteranno sulla carreggiata opposta per la conclusione delle opere idrauliche.<\/p>\n\n\n\n<p>\u201cCi eravamo prefissati un obiettivo, quello di riportare alla normalit\u00e0 la situazione e abbiamo lavorato affinch\u00e9 la sicurezza avesse la priorit\u00e0, a beneficio non solo della Comunit\u00e0 di Bonorva ma di tutti i territori interessati e, considerata la strategicit\u00e0 dell\u2019arteria in questione, a tutto vantaggio della sicurezza viaria sarda in generale\u201d, conclude la nota dell\u2019Assessore Salaris. Nel dettaglio, i lavori hanno riguardato il risanamento profondo della carreggiata e la messa in sicurezza della strada attraverso la realizzazione di 3 paratie. Inoltre \u00e8 stato realizzato l\u2019impianto di regimazione idraulica per il deflusso delle acque meteoriche, per un investimento complessivo pari a 1,5 milioni di euro.&nbsp;Red<\/p>\n","protected":false},"excerpt":{"rendered":"<p>Cagliari, 3 Feb 2022 \u2013\u00a0\u00c8 stato ripristinato il tratto di 131, all\u2019altezza del km 164 (Bonorva) in direzione Cagliari, danneggiato da un cedimento che aveva&#8230;<\/p>\n","protected":false},"author":2,"featured_media":213611,"comment_status":"closed","ping_status":"open","sticky":false,"template":"","format":"standard","meta":[],"categories":[49,52],"tags":[],"_links":{"self":[{"href":"https:\/\/www.cronacaonline.it\/index.php\/wp-json\/wp\/v2\/posts\/217155"}],"collection":[{"href":"https:\/\/www.cronacaonline.it\/index.php\/wp-json\/wp\/v2\/posts"}],"about":[{"href":"https:\/\/www.cronacaonline.it\/index.php\/wp-json\/wp\/v2\/types\/post"}],"author":[{"embeddable":true,"href":"https:\/\/www.cronacaonline.it\/index.php\/wp-json\/wp\/v2\/users\/2"}],"replies":[{"embeddable":true,"href":"https:\/\/www.cronacaonline.it\/index.php\/wp-json\/wp\/v2\/comments?post=217155"}],"version-history":[{"count":1,"href":"https:\/\/www.cronacaonline.it\/index.php\/wp-json\/wp\/v2\/posts\/217155\/revisions"}],"predecessor-version":[{"id":217156,"href":"https:\/\/www.cronacaonline.it\/index.php\/wp-json\/wp\/v2\/posts\/217155\/revisions\/217156"}],"wp:featuredmedia":[{"embeddable":true,"href":"https:\/\/www.cronacaonline.it\/index.php\/wp-json\/wp\/v2\/media\/213611"}],"wp:attachment":[{"href":"https:\/\/www.cronacaonline.it\/index.php\/wp-json\/wp\/v2\/media?parent=217155"}],"wp:term":[{"taxonomy":"category","embeddable":true,"href":"https:\/\/www.cronacaonline.it\/index.php\/wp-json\/wp\/v2\/categories?post=217155"},{"taxonomy":"post_tag","embeddable":true,"href":"https:\/\/www.cronacaonline.it\/index.php\/wp-json\/wp\/v2\/tags?post=217155"}],"curies":[{"name":"wp","href":"https:\/\/api.w.org\/{rel}","templated":true}]}}