{"id":217014,"date":"2022-01-31T15:04:26","date_gmt":"2022-01-31T14:04:26","guid":{"rendered":"https:\/\/www.cronacaonline.it\/?p=217014"},"modified":"2022-01-31T15:04:27","modified_gmt":"2022-01-31T14:04:27","slug":"cavallette-assessori-lampis-e-murgia-piano-per-prevenire-e-contrastare-linvasione-oltre-ai-ristori-per-i-danni-allagricoltura","status":"publish","type":"post","link":"https:\/\/www.cronacaonline.it\/index.php\/2022\/01\/31\/cavallette-assessori-lampis-e-murgia-piano-per-prevenire-e-contrastare-linvasione-oltre-ai-ristori-per-i-danni-allagricoltura\/","title":{"rendered":"Cavallette, Assessori Lampis e Murgia: \u2018piano per prevenire e contrastare l&#8217;invasione, oltre ai ristori per i danni all&#8217;agricoltura\u2019."},"content":{"rendered":"\n<p>Ottana (SS), 31 Gen 2022\u00a0\u2013\u00a0\u201cDa alcuni anni, diverse zone della Sardegna centrale, sono minacciate dall\u2019invasione delle cavallette, che danneggiano gravemente le coltivazioni. I danni generati da questo insetto sono ingenti e la Regione ha deciso di tracciare un nuovo percorso di prevenzione, non limitandosi a inseguire solamente l'emergenza, come \u00e8 stato fatto finora\". Lo hanno detto gli assessori regionali della Difesa dell'ambiente e dell'Agricoltura, Gianni Lampis e Gabriella Murgia, questa mattina ad Ottana, durante l'incontro con alcuni sindaci del territorio interessato dal fenomeno.<\/p>\n\n\n\n<p>Nelle scorse settimane, la Giunta regionale ha stanziato 800mila euro (500mila per il 2021, 200mila per il 2022 e 100mila per il 2023) per la pianificazione e l\u2019attuazione delle misure di contenimento e di contrasto alla diffusione del fenomeno. Una quota di 300mila euro \u00e8 destinata alla predisposizione di un Piano per le attivit\u00e0 di studio, monitoraggio, prevenzione e contrasto alla diffusione del fenomeno e al supporto delle attivit\u00e0. Inoltre, dopo un primo stanziamento di 400mila euro, la Giunta ha inserito in bilancio 2 milioni di euro per i danni alle aziende agricole.<\/p>\n\n\n\n<p>\"L'agenzia Laore ha rilevato la presenza di questo insetto principalmente nella provincia di Nuoro, ma il problema si sta diffondendo anche verso sud, nell'Oristanese - ha aggiunto l'assessore Murgia - La Regione si \u00e8 gi\u00e0 adoperata per venire incontro alle richieste arrivate dai territori. Stiamo procedendo con il progetto di prevenzione e contemporaneamente provvederemo ai ristori agli agricoltori danneggiati\u201d.<\/p>\n\n\n\n<p>\"Nonostante si tratti di un problema di carattere pi\u00f9 strettamente agricolo - ha sottolineato l'assessore Lampis - sono presenti anche aspetti di carattere ambientale, legati soprattutto agli habitat di insediamento e ai campi di intervento. Perci\u00f2, vogliamo dare vita ad un'azione efficace di contrasto, comune e coordinata, che preveda anche interventi&nbsp;di&nbsp;prevenzione. Oltre al tavolo tecnico regionale (composto da Corpo forestale, Agris e Laore, Assessorato dell'Agricoltura, Universit\u00e0 di Sassari e Province), la Regione si doter\u00e0 di un Piano di durata pluriennale, che contempli pratiche agricole mirate, attivit\u00e0 di studio e monitoraggio, funzionale alla conoscenza del fenomeno e alla predisposizione di una banca dati\".<\/p>\n\n\n\n<p>Il Piano verr\u00e0 realizzato con la supervisione scientifica dell'Universit\u00e0 di Sassari, con il coinvolgimento di Laore e delle imprese agricole del territorio: \u201cLa prima lacuna da colmare \u00e8 la mancanza di studi recenti, perci\u00f2 sar\u00e0 realizzato un monitoraggio per l'individuazione delle aree infestate e la valutazione degli antagonisti naturali delle cavallette, un campionamento su aree pilota, un'attivit\u00e0 di lotta con mezzi agronomici, fisici, chimici e biologici, nonch\u00e9 il trasferimento delle conoscenze acquisite al personale tecnico degli enti regionali e la divulgazione ad amministrazioni locali, scuole, cittadini e operatori del settore agricolo\u201d, hanno concluso gli esponenti della Giunta Solinas. Com<\/p>\n","protected":false},"excerpt":{"rendered":"<p>Ottana (SS), 31 Gen 2022\u00a0\u2013\u00a0\u201cDa alcuni anni, diverse zone della Sardegna centrale, sono minacciate dall\u2019invasione delle cavallette, che danneggiano gravemente le coltivazioni. I danni generati&#8230;<\/p>\n","protected":false},"author":2,"featured_media":217015,"comment_status":"closed","ping_status":"open","sticky":false,"template":"","format":"standard","meta":[],"categories":[49,52],"tags":[],"_links":{"self":[{"href":"https:\/\/www.cronacaonline.it\/index.php\/wp-json\/wp\/v2\/posts\/217014"}],"collection":[{"href":"https:\/\/www.cronacaonline.it\/index.php\/wp-json\/wp\/v2\/posts"}],"about":[{"href":"https:\/\/www.cronacaonline.it\/index.php\/wp-json\/wp\/v2\/types\/post"}],"author":[{"embeddable":true,"href":"https:\/\/www.cronacaonline.it\/index.php\/wp-json\/wp\/v2\/users\/2"}],"replies":[{"embeddable":true,"href":"https:\/\/www.cronacaonline.it\/index.php\/wp-json\/wp\/v2\/comments?post=217014"}],"version-history":[{"count":1,"href":"https:\/\/www.cronacaonline.it\/index.php\/wp-json\/wp\/v2\/posts\/217014\/revisions"}],"predecessor-version":[{"id":217017,"href":"https:\/\/www.cronacaonline.it\/index.php\/wp-json\/wp\/v2\/posts\/217014\/revisions\/217017"}],"wp:featuredmedia":[{"embeddable":true,"href":"https:\/\/www.cronacaonline.it\/index.php\/wp-json\/wp\/v2\/media\/217015"}],"wp:attachment":[{"href":"https:\/\/www.cronacaonline.it\/index.php\/wp-json\/wp\/v2\/media?parent=217014"}],"wp:term":[{"taxonomy":"category","embeddable":true,"href":"https:\/\/www.cronacaonline.it\/index.php\/wp-json\/wp\/v2\/categories?post=217014"},{"taxonomy":"post_tag","embeddable":true,"href":"https:\/\/www.cronacaonline.it\/index.php\/wp-json\/wp\/v2\/tags?post=217014"}],"curies":[{"name":"wp","href":"https:\/\/api.w.org\/{rel}","templated":true}]}}