{"id":216992,"date":"2022-01-31T06:43:07","date_gmt":"2022-01-31T05:43:07","guid":{"rendered":"https:\/\/www.cronacaonline.it\/?p=216992"},"modified":"2022-01-31T06:43:09","modified_gmt":"2022-01-31T05:43:09","slug":"portogallo-costa-che-con-il-suo-partito-socialista-hanno-avuto-la-maggioranza-assoluta-vincono-le-elezioni-anticipate","status":"publish","type":"post","link":"https:\/\/www.cronacaonline.it\/index.php\/2022\/01\/31\/portogallo-costa-che-con-il-suo-partito-socialista-hanno-avuto-la-maggioranza-assoluta-vincono-le-elezioni-anticipate\/","title":{"rendered":"Portogallo, Costa, che con il suo Partito Socialista hanno avuto la maggioranza assoluta, vincono le elezioni anticipate."},"content":{"rendered":"\n<p>Cagliari, 31 Gen 2022 - \u00c8 stato un successo superiore alle aspettative quello ottenuto nella tarda serata di ieri dal primo ministro socialista portoghese Antonio Costa. Costretto ad andare alle elezioni anticipate, le ha vinte nettamente: per la seconda volta nella sua storia il partito socialista portoghese conquista la maggioranza assoluta dei seggi in parlamento, 117 su 230 con il 41,62% dei voti espressi.<\/p>\n\n\n\n<p>L'ex sindaco di Lisbona, 60 anni, era salito al potere nel 2015 suggellando un'unione di sinistra senza precedenti dalla rivoluzione dei garofani del 1974, ma ora il risultato gli permette di formare un governo monopartitico e di non dipendere pi\u00f9 dai suoi ex alleati della sinistra radicale, la stessa che aveva provocato queste elezioni anticipate negando il voto alla bozza di bilancio per il 2022.<\/p>\n\n\n\n<p>I risultati riguardano tutte le circoscrizioni tranne quelle estere, che eleggono quattro deputati, ma possono essere considerati definitivi. Oltre alla vittoria dei socialisti risalta l'exploit del partito di estrema destra, Chega (Basta!) che col 7,15 % si posiziona terzo alle spalle dei conservatori del Partito socialdemocratico che mantengono all'incirca gli stessi voti del 2019, poco sopra il 27, 8%.&nbsp;<\/p>\n\n\n\n<p>\"Anni di governo, grandi risultati e oggi ancora fiducia ai socialisti portoghesi e alla leadership di @antoniocostaps. Juntos seguimos e conseguimos\". Lo scrive su Twitter il commissario europeo agli Affari economici,&nbsp;Paolo Gentiloni.<\/p>\n\n\n\n<p>\"Congratulazioni, caro Antonio Costa, per la tua vittoria. Il Portogallo ha scommesso ancora una volta su un progetto socialdemocratico che unisce crescita e giustizia sociale. Insieme continueremo a promuovere nei nostri Paesi e in Europa una risposta socialista alle sfide che condividiamo\". Lo ha scritto su Twitter il premier spagnolo,&nbsp;Pedro&nbsp;S\u00e1nchez, commentando l'esito del voto.<\/p>\n\n\n\n<p>\"Bravo Presidente #Costa! Un grande risultato per il #Portogallo e per l'Europa\". Lo scrive su Twitter il segretario del Pd,&nbsp;Enrico Letta, commentando la netta vittoria nelle elezioni portoghesi per il Ps.<\/p>\n\n\n\n<p>Le elezioni anticipate sono state indette dopo che il governo guidato da Costa \u00e8 caduto lo scorso novembre, a met\u00e0 del mandato di quattro anni, avendo il Parlamento bocciato il bilancio generale per il 2022. I socialisti guidano il Portogallo da sei anni, nella storica alternanza che da decenni li vede al potere con i socialdemocratici.<\/p>\n\n\n\n<p>Il voto \u00e8 arrivato nel corso della pandemia del Covid-19, che proprio in questi giorni ha portato sul Paese una nuova ondata di contagi, alimentati dalla variante Omicron. Circa un milione di elettrici ed elettori era in isolamento in casa mentre le urne erano aperte, secondo i dati ufficiali: le autorit\u00e0 hanno previsto per loro la possibilit\u00e0 di uscire in via eccezionale per votare.<\/p>\n\n\n\n<p>La posta in gioco, infatti, \u00e8 alta: Lisbona si prepara a dispiegare 45 miliardi di euro in fondi dall'Ue per rilanciare l'economia e i portoghesi vedono quelle risorse come un'opportunit\u00e0. Per due terzi \u00e8 previsto i fondi siano destinati a progetti pubblici, come le infrastrutture, mentre un terzo \u00e8 rivolto alle compagnie private.<\/p>\n\n\n\n<p>Il presidente Marcelo Rebelo de Sousa, parlando alla nazione in occasione del voto, aveva chiesto alla cittadinanza di andare alle urne, definendo le elezioni \"un modo per dire che niente e nessuno pu\u00f2 zittire la vostra voce\", mentre i prossimi anni saranno dedicati alla missione di \"lasciare dietro le spalle una dolorosa pandemia e di ricostruire urgentemente l'economia\".<\/p>\n","protected":false},"excerpt":{"rendered":"<p>Cagliari, 31 Gen 2022 &#8211; \u00c8 stato un successo superiore alle aspettative quello ottenuto nella tarda serata di ieri dal primo ministro socialista portoghese Antonio&#8230;<\/p>\n","protected":false},"author":2,"featured_media":216993,"comment_status":"closed","ping_status":"open","sticky":false,"template":"","format":"standard","meta":[],"categories":[49,51],"tags":[],"_links":{"self":[{"href":"https:\/\/www.cronacaonline.it\/index.php\/wp-json\/wp\/v2\/posts\/216992"}],"collection":[{"href":"https:\/\/www.cronacaonline.it\/index.php\/wp-json\/wp\/v2\/posts"}],"about":[{"href":"https:\/\/www.cronacaonline.it\/index.php\/wp-json\/wp\/v2\/types\/post"}],"author":[{"embeddable":true,"href":"https:\/\/www.cronacaonline.it\/index.php\/wp-json\/wp\/v2\/users\/2"}],"replies":[{"embeddable":true,"href":"https:\/\/www.cronacaonline.it\/index.php\/wp-json\/wp\/v2\/comments?post=216992"}],"version-history":[{"count":1,"href":"https:\/\/www.cronacaonline.it\/index.php\/wp-json\/wp\/v2\/posts\/216992\/revisions"}],"predecessor-version":[{"id":216994,"href":"https:\/\/www.cronacaonline.it\/index.php\/wp-json\/wp\/v2\/posts\/216992\/revisions\/216994"}],"wp:featuredmedia":[{"embeddable":true,"href":"https:\/\/www.cronacaonline.it\/index.php\/wp-json\/wp\/v2\/media\/216993"}],"wp:attachment":[{"href":"https:\/\/www.cronacaonline.it\/index.php\/wp-json\/wp\/v2\/media?parent=216992"}],"wp:term":[{"taxonomy":"category","embeddable":true,"href":"https:\/\/www.cronacaonline.it\/index.php\/wp-json\/wp\/v2\/categories?post=216992"},{"taxonomy":"post_tag","embeddable":true,"href":"https:\/\/www.cronacaonline.it\/index.php\/wp-json\/wp\/v2\/tags?post=216992"}],"curies":[{"name":"wp","href":"https:\/\/api.w.org\/{rel}","templated":true}]}}