{"id":216910,"date":"2022-01-28T12:36:22","date_gmt":"2022-01-28T11:36:22","guid":{"rendered":"https:\/\/www.cronacaonline.it\/?p=216910"},"modified":"2022-01-28T12:36:27","modified_gmt":"2022-01-28T11:36:27","slug":"abbattimento-liste-dattesa-assessore-sanita-nieddu-136-mln-di-euro-per-il-piano-regionale","status":"publish","type":"post","link":"https:\/\/www.cronacaonline.it\/index.php\/2022\/01\/28\/abbattimento-liste-dattesa-assessore-sanita-nieddu-136-mln-di-euro-per-il-piano-regionale\/","title":{"rendered":"Abbattimento liste d\u2019attesa: Assessore Sanit\u00e0 Nieddu: 13,6 mln di euro per il piano regionale."},"content":{"rendered":"\n<p>Cagliari, 28 Gen 2021 \u2013\u00a0Approvata in Giunta la rimodulazione del piano regionale di recupero delle liste d\u2019attesa attraverso il quale verranno destinate risorse finanziarie per oltre 13,6 milioni di euro.<\/p>\n\n\n\n<p>\u201cL\u2019abbattimento delle liste d\u2019attesa \u2013 dichiara l\u2019assessore regionale della San Nieddu \u2013 rappresenta un obiettivo irrinunciabile e una delle sfide pi\u00f9 importanti per il nostro sistema sanitario nel suo nuovo assetto. Con questo provvedimento abbiamo dato mandato ai manager delle nuove aziende di procedere ai piani operativi. Il recupero delle liste d\u2019attesa \u00e8 sempre stata fra le nostre priorit\u00e0, ma i programmi varati negli ultimi due anni hanno dovuto fare i conti con il Covid. La pandemia non \u00e8 ancora conclusa ma dobbiamo guardare avanti perch\u00e9 il virus non \u00e8 l\u2019unica emergenza\u201d.<\/p>\n\n\n\n<p>\u201cL\u2019obiettivo \u2013 aggiunge il Presidente della Regione Sardegna \u2013 \u00e8 quello di&nbsp;potenziare l\u2019offerta specialistica, le attivit\u00e0 ambulatoriali e le prestazioni di ricovero per i cittadini sardi che a causa della pandemia, non hanno usufruito, o lo hanno fatto solo in parte, dei servizi sanitari. Ora spetter\u00e0 alle nostre aziende sanitarie predisporre, entro sessanta giorni piani d\u2019azione specifici\u201d.<\/p>\n\n\n\n<p>Il piano prevede anche il coinvolgimento delle strutture private accreditate a cui verranno destinati 2 milioni di euro degli oltre 13 mln a disposizione. Risorse che puntano a superare le criticit\u00e0 dell\u2019erogazione delle prestazioni. Secondo quanto previsto dall\u2019esecutivo regionale, le risorse destinate alla sanit\u00e0 privata, che verranno affidate ad Ares, saranno impiegate per il 60% all\u2019acquisto di prestazioni ambulatoriali e per il 40% ospedaliere.<\/p>\n\n\n\n<p>Oltre 11 milioni, invece, andranno alle otto Asl e alle tre aziende ospedaliere secondo i criteri di ripartizione del Fondo sanitario regionale: 1.736.528 euro all\u2019Asl 1 di Sassari; 905.428 euro 2 Gallura; 1.044.470 euro all\u2019Asl 3 Nuoro; 368.686 euro all\u2019Asl 4 Ogliastra; 924.494 euro all\u2019Asl 5 Oristano; 526.656 euro Asl 6 Medio Campidano; 762.981 euro Asl 7 Sulcis; 2.887.830 euro Asl 8 Cagliari; 901.966 euro all\u2019Aou Sassari, 486.595 euro all\u2019Aou di Cagliari; 1.049.162 euro all\u2019Arnas G. Brotzu. Com<\/p>\n","protected":false},"excerpt":{"rendered":"<p>Cagliari, 28 Gen 2021 \u2013\u00a0Approvata in Giunta la rimodulazione del piano regionale di recupero delle liste d\u2019attesa attraverso il quale verranno destinate risorse finanziarie per&#8230;<\/p>\n","protected":false},"author":2,"featured_media":209098,"comment_status":"closed","ping_status":"open","sticky":false,"template":"","format":"standard","meta":[],"categories":[49,52],"tags":[],"_links":{"self":[{"href":"https:\/\/www.cronacaonline.it\/index.php\/wp-json\/wp\/v2\/posts\/216910"}],"collection":[{"href":"https:\/\/www.cronacaonline.it\/index.php\/wp-json\/wp\/v2\/posts"}],"about":[{"href":"https:\/\/www.cronacaonline.it\/index.php\/wp-json\/wp\/v2\/types\/post"}],"author":[{"embeddable":true,"href":"https:\/\/www.cronacaonline.it\/index.php\/wp-json\/wp\/v2\/users\/2"}],"replies":[{"embeddable":true,"href":"https:\/\/www.cronacaonline.it\/index.php\/wp-json\/wp\/v2\/comments?post=216910"}],"version-history":[{"count":1,"href":"https:\/\/www.cronacaonline.it\/index.php\/wp-json\/wp\/v2\/posts\/216910\/revisions"}],"predecessor-version":[{"id":216911,"href":"https:\/\/www.cronacaonline.it\/index.php\/wp-json\/wp\/v2\/posts\/216910\/revisions\/216911"}],"wp:featuredmedia":[{"embeddable":true,"href":"https:\/\/www.cronacaonline.it\/index.php\/wp-json\/wp\/v2\/media\/209098"}],"wp:attachment":[{"href":"https:\/\/www.cronacaonline.it\/index.php\/wp-json\/wp\/v2\/media?parent=216910"}],"wp:term":[{"taxonomy":"category","embeddable":true,"href":"https:\/\/www.cronacaonline.it\/index.php\/wp-json\/wp\/v2\/categories?post=216910"},{"taxonomy":"post_tag","embeddable":true,"href":"https:\/\/www.cronacaonline.it\/index.php\/wp-json\/wp\/v2\/tags?post=216910"}],"curies":[{"name":"wp","href":"https:\/\/api.w.org\/{rel}","templated":true}]}}