{"id":216874,"date":"2022-01-27T15:24:37","date_gmt":"2022-01-27T14:24:37","guid":{"rendered":"https:\/\/www.cronacaonline.it\/?p=216874"},"modified":"2022-01-27T15:24:39","modified_gmt":"2022-01-27T14:24:39","slug":"giornata-della-memoria-vicepresidente-zedda-difendiamo-con-forza-il-diritto-alla-vita","status":"publish","type":"post","link":"https:\/\/www.cronacaonline.it\/index.php\/2022\/01\/27\/giornata-della-memoria-vicepresidente-zedda-difendiamo-con-forza-il-diritto-alla-vita\/","title":{"rendered":"Giornata della memoria, vicepresidente Zedda: \u201cdifendiamo con forza il diritto alla vita\u201d."},"content":{"rendered":"\n<p>Cagliari, 27 Gen 2022\u00a0\u2013 \u201cCi ritroviamo ancora una volta per celebrare la Giornata della Memoria, 77 anni dopo quella drammatica scoperta da parte dell\u2019esercito sovietico, per ricondurre alla mente e riattualizzare quelle tragiche pagine di storia che portarono alla devastazione e al genocidio di milioni di esseri umani in conseguenza delle leggi razziali e della \u2018soluzione finale\u2019. Oggi \u00e8 l\u2019occasione per operare con decisione una necessaria riscoperta dei valori fondanti e fondamentali di ogni persona: il diritto alla vita e a una vita degna\u201d. Lo ha detto la vicepresidente della Giunta regionale, Alessandra Zedda, nel corso della cerimonia di commemorazione delle vittime dell\u2019Olocausto, in Prefettura, alla presenza, tra gli altri, del Prefetto di Cagliari Gianfranco Tomao e dell\u2019Arcivescovo di Cagliari, Giuseppe Baturi, oltre ai rappresentanti delle Istituzioni.<\/p>\n\n\n\n<p>\u201cSarebbe troppo facile commemorare fatti accaduti tre quarti di secolo fa, prenderne le distanze e dirci che simili nefandezze non devono pi\u00f9 compiersi \u2013 ha detto la vicepresidente in uno dei passaggi del suo discorso - Questa di oggi \u00e8 una ulteriore opportunit\u00e0 per riaffermare il primato dell\u2019etica, della moralit\u00e0, dell\u2019educazione\u201d. Rimarcando l\u2019urgenza di opporsi a tutte le forme, pi\u00f9 o meno evidenti, di razzismo, emarginazione, isolamento, violenza e sopraffazione, la vicepresidente Zedda ha ricordato le donne vittime di violenza, i bambini ai quali viene negato il diritto all\u2019infanzia e alla adolescenza, le insidie relative alle nuove tecnologie e ai social, pericolose al punto da portare perfino al suicidio o all\u2019annientamento della personalit\u00e0.<\/p>\n\n\n\n<p>\u201cAffinch\u00e9 il ricordo della Shoah risulti efficace, la memoria non pu\u00f2 ridursi soltanto all\u2019indignazione e alla riprovazione dei crimini nazisti, sentimenti comunque necessari dinanzi a simili atrocit\u00e0. La memoria \u2013 ha concluso la vicepresidente - richiede comprensione di ci\u00f2 che accadde e quindi la capacit\u00e0 di leggere e interpretare la storia. Il modo per scongiurare questi pericoli \u00e8 quello di riconoscerci reciprocamente come una opportunit\u00e0 di bene gli uni per gli altri\u201d.&nbsp;Com<\/p>\n","protected":false},"excerpt":{"rendered":"<p>Cagliari, 27 Gen 2022\u00a0\u2013 \u201cCi ritroviamo ancora una volta per celebrare la Giornata della Memoria, 77 anni dopo quella drammatica scoperta da parte dell\u2019esercito sovietico,&#8230;<\/p>\n","protected":false},"author":2,"featured_media":216421,"comment_status":"closed","ping_status":"open","sticky":false,"template":"","format":"standard","meta":[],"categories":[49,52],"tags":[],"_links":{"self":[{"href":"https:\/\/www.cronacaonline.it\/index.php\/wp-json\/wp\/v2\/posts\/216874"}],"collection":[{"href":"https:\/\/www.cronacaonline.it\/index.php\/wp-json\/wp\/v2\/posts"}],"about":[{"href":"https:\/\/www.cronacaonline.it\/index.php\/wp-json\/wp\/v2\/types\/post"}],"author":[{"embeddable":true,"href":"https:\/\/www.cronacaonline.it\/index.php\/wp-json\/wp\/v2\/users\/2"}],"replies":[{"embeddable":true,"href":"https:\/\/www.cronacaonline.it\/index.php\/wp-json\/wp\/v2\/comments?post=216874"}],"version-history":[{"count":1,"href":"https:\/\/www.cronacaonline.it\/index.php\/wp-json\/wp\/v2\/posts\/216874\/revisions"}],"predecessor-version":[{"id":216875,"href":"https:\/\/www.cronacaonline.it\/index.php\/wp-json\/wp\/v2\/posts\/216874\/revisions\/216875"}],"wp:featuredmedia":[{"embeddable":true,"href":"https:\/\/www.cronacaonline.it\/index.php\/wp-json\/wp\/v2\/media\/216421"}],"wp:attachment":[{"href":"https:\/\/www.cronacaonline.it\/index.php\/wp-json\/wp\/v2\/media?parent=216874"}],"wp:term":[{"taxonomy":"category","embeddable":true,"href":"https:\/\/www.cronacaonline.it\/index.php\/wp-json\/wp\/v2\/categories?post=216874"},{"taxonomy":"post_tag","embeddable":true,"href":"https:\/\/www.cronacaonline.it\/index.php\/wp-json\/wp\/v2\/tags?post=216874"}],"curies":[{"name":"wp","href":"https:\/\/api.w.org\/{rel}","templated":true}]}}