{"id":216872,"date":"2022-01-27T14:42:39","date_gmt":"2022-01-27T13:42:39","guid":{"rendered":"https:\/\/www.cronacaonline.it\/?p=216872"},"modified":"2022-01-27T14:42:41","modified_gmt":"2022-01-27T13:42:41","slug":"strade-sopralluoghi-per-verificare-la-sicurezza-lassessore-salaris-incolumita-delle-persone-e-celerita-delle-vie-di-comunicazione-al-primo-posto","status":"publish","type":"post","link":"https:\/\/www.cronacaonline.it\/index.php\/2022\/01\/27\/strade-sopralluoghi-per-verificare-la-sicurezza-lassessore-salaris-incolumita-delle-persone-e-celerita-delle-vie-di-comunicazione-al-primo-posto\/","title":{"rendered":"Strade, sopralluoghi per verificare la sicurezza. L\u2019assessore Salaris: \u201cincolumit\u00e0 delle persone e celerit\u00e0 delle vie di comunicazione al primo posto\u201d."},"content":{"rendered":"\n<p>Cagliari, 27\u00a0Gen 2022 \u2013\u00a0Sono ripartiti a pieno ritmo i sopralluoghi finalizzati a verificare lo stato delle opere stradali e recepire le esigenze dei territori. Le verifiche in loco, che avevano subito un fisiologico rallentamento a causa dei problemi legati al Covid, proseguiranno infatti per tutto il mese di febbraio.<\/p>\n\n\n\n<p>Una delle tappe che ha visto protagonista l\u2019Assessore dei Lavori Pubblici, Aldo Salaris nella giornata di ieri \u00e8 stato il Sulcis. Si \u00e8 trattato di un sopralluogo finalizzato a fare il punto della situazione sulle strade statali 293,195 e 126 segnalate come pericolose dall\u2019Unione dei Comuni del Sulcis, cui fanno capo 13 Comuni. La sicurezza stradale deve essere il valore di riferimento delle azioni che da qui in avanti verranno pianificate per andare incontro alle esigenze dei territori, \u00e8 stata la sintesi dell\u2019incontro, con l\u2019obiettivo di ridurre il tasso di incidentalit\u00e0 e pericolosit\u00e0 delle tre arterie sulcitane. \u201cIl Sulcis, forse pi\u00f9 di altri territori, ha bisogno di vie di comunicazione sicure e celeri. Abbiamo risposto in maniera tempestiva all\u2019allarme lanciato dai Sindaci dei Comuni nei quali ricadono le strade perch\u00e9 riteniamo che l\u2019incolumit\u00e0 delle persone e la sicurezza negli spostamenti debba essere prioritaria per un territorio dalle potenzialit\u00e0 enormi come \u00e8 il Sulcis\u201d, ha spiegato l\u2019Assessore nel corso dell\u2019incontro, avvenuto a San Giovanni Suergiu, con i rappresentanti dei Comuni di Giba, Carbonia, Sant\u2019Anna Arresi, Masainas, Piscinas, Nuxis, Santadi, Villaperuccio, Tratalias, Portoscuso, Perdaxius, San Giovanni Suergiu e Narcao.&nbsp;\u201cDelle istanze arrivate dalle Comunit\u00e0 interessate abbiamo gi\u00e0 interessato Anas che ha dato piena disponibilit\u00e0 a verificare la fattibilit\u00e0 di interventi in tempi brevi\u201d, ha spiegato Salaris.<\/p>\n\n\n\n<p>Sempre nella giornata di ieri l\u2019Assessore ha presentato, insieme ad Anas, lo studio del sottopassaggio a Birori, un\u2019opera molto attesa che risolve un problema di carenza di sicurezza e che collegher\u00e0 il centro alla vicina stazione dell\u2019Arst. Nel corso della visita a Birori l\u2019Assessore ha anche recepito le richieste dei sindaci del Marghine rispetto alla viabilit\u00e0 del territorio di competenza. Proprio a questo proposito seguir\u00e0 in tempi brevi un incontro a Macomer finalizzato a fare il punto su quelle strade.&nbsp;Com<\/p>\n","protected":false},"excerpt":{"rendered":"<p>Cagliari, 27\u00a0Gen 2022 \u2013\u00a0Sono ripartiti a pieno ritmo i sopralluoghi finalizzati a verificare lo stato delle opere stradali e recepire le esigenze dei territori. Le&#8230;<\/p>\n","protected":false},"author":2,"featured_media":208753,"comment_status":"closed","ping_status":"open","sticky":false,"template":"","format":"standard","meta":[],"categories":[49,52],"tags":[],"_links":{"self":[{"href":"https:\/\/www.cronacaonline.it\/index.php\/wp-json\/wp\/v2\/posts\/216872"}],"collection":[{"href":"https:\/\/www.cronacaonline.it\/index.php\/wp-json\/wp\/v2\/posts"}],"about":[{"href":"https:\/\/www.cronacaonline.it\/index.php\/wp-json\/wp\/v2\/types\/post"}],"author":[{"embeddable":true,"href":"https:\/\/www.cronacaonline.it\/index.php\/wp-json\/wp\/v2\/users\/2"}],"replies":[{"embeddable":true,"href":"https:\/\/www.cronacaonline.it\/index.php\/wp-json\/wp\/v2\/comments?post=216872"}],"version-history":[{"count":1,"href":"https:\/\/www.cronacaonline.it\/index.php\/wp-json\/wp\/v2\/posts\/216872\/revisions"}],"predecessor-version":[{"id":216873,"href":"https:\/\/www.cronacaonline.it\/index.php\/wp-json\/wp\/v2\/posts\/216872\/revisions\/216873"}],"wp:featuredmedia":[{"embeddable":true,"href":"https:\/\/www.cronacaonline.it\/index.php\/wp-json\/wp\/v2\/media\/208753"}],"wp:attachment":[{"href":"https:\/\/www.cronacaonline.it\/index.php\/wp-json\/wp\/v2\/media?parent=216872"}],"wp:term":[{"taxonomy":"category","embeddable":true,"href":"https:\/\/www.cronacaonline.it\/index.php\/wp-json\/wp\/v2\/categories?post=216872"},{"taxonomy":"post_tag","embeddable":true,"href":"https:\/\/www.cronacaonline.it\/index.php\/wp-json\/wp\/v2\/tags?post=216872"}],"curies":[{"name":"wp","href":"https:\/\/api.w.org\/{rel}","templated":true}]}}