{"id":216867,"date":"2022-01-27T14:35:51","date_gmt":"2022-01-27T13:35:51","guid":{"rendered":"https:\/\/www.cronacaonline.it\/?p=216867"},"modified":"2022-01-27T14:35:54","modified_gmt":"2022-01-27T13:35:54","slug":"protezione-civile-assessore-lampis-ai-neo-assunti-forza-lavoro-importante-per-consolidare-e-rafforzare-il-sistema-regionale","status":"publish","type":"post","link":"https:\/\/www.cronacaonline.it\/index.php\/2022\/01\/27\/protezione-civile-assessore-lampis-ai-neo-assunti-forza-lavoro-importante-per-consolidare-e-rafforzare-il-sistema-regionale\/","title":{"rendered":"Protezione civile, assessore Lampis ai neo assunti: &#8216;forza lavoro importante per consolidare e rafforzare il sistema regionale&#8217;."},"content":{"rendered":"\n<p>Cagliari, 27 Gen 2022\u00a0- \"La richiesta della Regione ha trovato una risposta positiva da parte del Governo e, grazie ad uno stanziamento di 374mila euro, ora possiamo contare su nuove professionalit\u00e0 all'interno del sistema regionale della Protezione civile, sia per far fronte alle emergenze, non solo quella sanitaria, tuttora vigente, ma anche quelle degli incendi e delle calamit\u00e0 naturali, sia per le attivit\u00e0 tecnico-istruttorie dei progetti di protezione civile contenuti nel Pnrr, che sono stati finanziati con 50 milioni di euro\". Lo ha detto l'assessore regionale della Difesa dell'ambiente, Gianni Lampis, durante l'incontro coi sedici neo assunti, a tempo determinato, nella Direzione generale della Protezione civile regionale.<\/p>\n\n\n\n<p>\"La Giunta regionale, convinta dell'importante ruolo all'interno del sistema Sardegna, \u00e8 impegnata nel consolidamento e nel rafforzamento dell'organizzazione della Protezione civile, dove la forza lavoro \u00e8 certamente un fattore determinante per gli importanti traguardi che vogliamo raggiungere. Perci\u00f2, siamo fiduciosi nella garanzia di copertura finanziaria governativa per la proroga di questi contratti. Anche perch\u00e9 sarebbe un peccato formare competenze indispensabili e poi perderle per mancanza di fondi\", ha aggiunto l'assessore Lampis.&nbsp;Com<\/p>\n","protected":false},"excerpt":{"rendered":"<p>Cagliari, 27 Gen 2022\u00a0&#8211; &#8220;La richiesta della Regione ha trovato una risposta positiva da parte del Governo e, grazie ad uno stanziamento di 374mila euro,&#8230;<\/p>\n","protected":false},"author":2,"featured_media":216868,"comment_status":"closed","ping_status":"open","sticky":false,"template":"","format":"standard","meta":[],"categories":[49,52],"tags":[],"_links":{"self":[{"href":"https:\/\/www.cronacaonline.it\/index.php\/wp-json\/wp\/v2\/posts\/216867"}],"collection":[{"href":"https:\/\/www.cronacaonline.it\/index.php\/wp-json\/wp\/v2\/posts"}],"about":[{"href":"https:\/\/www.cronacaonline.it\/index.php\/wp-json\/wp\/v2\/types\/post"}],"author":[{"embeddable":true,"href":"https:\/\/www.cronacaonline.it\/index.php\/wp-json\/wp\/v2\/users\/2"}],"replies":[{"embeddable":true,"href":"https:\/\/www.cronacaonline.it\/index.php\/wp-json\/wp\/v2\/comments?post=216867"}],"version-history":[{"count":1,"href":"https:\/\/www.cronacaonline.it\/index.php\/wp-json\/wp\/v2\/posts\/216867\/revisions"}],"predecessor-version":[{"id":216869,"href":"https:\/\/www.cronacaonline.it\/index.php\/wp-json\/wp\/v2\/posts\/216867\/revisions\/216869"}],"wp:featuredmedia":[{"embeddable":true,"href":"https:\/\/www.cronacaonline.it\/index.php\/wp-json\/wp\/v2\/media\/216868"}],"wp:attachment":[{"href":"https:\/\/www.cronacaonline.it\/index.php\/wp-json\/wp\/v2\/media?parent=216867"}],"wp:term":[{"taxonomy":"category","embeddable":true,"href":"https:\/\/www.cronacaonline.it\/index.php\/wp-json\/wp\/v2\/categories?post=216867"},{"taxonomy":"post_tag","embeddable":true,"href":"https:\/\/www.cronacaonline.it\/index.php\/wp-json\/wp\/v2\/tags?post=216867"}],"curies":[{"name":"wp","href":"https:\/\/api.w.org\/{rel}","templated":true}]}}