{"id":216843,"date":"2022-01-27T09:34:34","date_gmt":"2022-01-27T08:34:34","guid":{"rendered":"https:\/\/www.cronacaonline.it\/?p=216843"},"modified":"2022-01-27T09:34:40","modified_gmt":"2022-01-27T08:34:40","slug":"giornata-della-memoria-il-presidente-solinas-alimentiamo-la-memoria-per-costruire-ponti-di-pace-contro-la-violenza-e-lodio","status":"publish","type":"post","link":"https:\/\/www.cronacaonline.it\/index.php\/2022\/01\/27\/giornata-della-memoria-il-presidente-solinas-alimentiamo-la-memoria-per-costruire-ponti-di-pace-contro-la-violenza-e-lodio\/","title":{"rendered":"Giornata della memoria, il presidente Solinas: \u201calimentiamo la memoria per costruire ponti di pace contro la violenza e l\u2019odio\u201d."},"content":{"rendered":"\n<p>Cagliari, 27 Gen 2022 \u2013\u00a0\u201cOggi, nella Giornata della Memoria, abbiamo il dovere di riflettere e ricordare l\u2019orrore e le atrocit\u00e0 di cui \u00e8 stato capace l\u2019uomo in un passato che non \u00e8 poi cos\u00ec lontano da noi, e trovare la forza e la determinazione per far s\u00ec che il seme insidioso e aberrante dell\u2019antisemitismo e dell\u2019odio non trovi mai pi\u00f9 terreno dove attecchire. Offenderemmo la memoria di tutti quegli innocenti portati alla morte - bambini, donne, uomini, anziani - se consentissimo al presente di mettere da parte il passato. Quella odierna deve essere una giornata di profonda riflessione che ci impegna non solo a tramandare la memoria della Shoah, ma anche a riflettere sulle sue radici e sulle sue terribili conseguenze\u201d.<\/p>\n\n\n\n<p>Lo afferma in una nota il Presidente della Regione Sardegna in occasione della ricorrenza istituita nel 2000 per commemorare le vittime dell'Olocausto compiuto dalla ferocia nazista e ricordare il sacrificio di tutti coloro che misero a rischio la propria vita per proteggere i perseguitati, opponendosi al progetto scellerato di sterminio del popolo ebraico. In questa stessa data di settantasette anni fa i cancelli di Auschwitz venivano aperti dalle truppe sovietiche, che documentarono l\u2019orrore dei campi di concentramento.<\/p>\n\n\n\n<p>\u201cLa memoria, per essere tramandata di generazione in generazione, ha bisogno di essere alimentata. Nutriamola con convinzione e determinazione \u2013 ha proseguito il Presidente - ricordando come l\u2019uomo, nato per dare amare e proteggere la vita, si sia spogliato di ogni principio e valore di umanit\u00e0 e spinto dalla follia del totalitarismo razziale sia stato capace di costruire e perseguire la morte\u201d.<\/p>\n\n\n\n<p>Rivolgendosi ai giovani sardi il Presidente ha sottolineato l\u2019urgenza di costruire ponti contro la violenza e della necessit\u00e0, sempre viva e impellente, di alimentare la cultura del dialogo e la pace: \u201cIl futuro \u00e8 nelle vostre mani \u2013 dice il Presidente - siate capaci di costruirlo basando le vostre azioni sul rispetto gli uni degli altri, debellando una volta per tutte il germe dell\u2019antisemitismo, della discriminazione, dell\u2019intolleranza, per la creazione di una societ\u00e0 libera e aperta, improntata al rispetto della dignit\u00e0 di ogni essere umano e che sappia fare della pace e della fratellanza&nbsp;valori vivi, imprescindibili e insuperabili\u201d. Com<\/p>\n","protected":false},"excerpt":{"rendered":"<p>Cagliari, 27 Gen 2022 \u2013\u00a0\u201cOggi, nella Giornata della Memoria, abbiamo il dovere di riflettere e ricordare l\u2019orrore e le atrocit\u00e0 di cui \u00e8 stato capace&#8230;<\/p>\n","protected":false},"author":2,"featured_media":150681,"comment_status":"closed","ping_status":"open","sticky":false,"template":"","format":"standard","meta":[],"categories":[49,52],"tags":[],"_links":{"self":[{"href":"https:\/\/www.cronacaonline.it\/index.php\/wp-json\/wp\/v2\/posts\/216843"}],"collection":[{"href":"https:\/\/www.cronacaonline.it\/index.php\/wp-json\/wp\/v2\/posts"}],"about":[{"href":"https:\/\/www.cronacaonline.it\/index.php\/wp-json\/wp\/v2\/types\/post"}],"author":[{"embeddable":true,"href":"https:\/\/www.cronacaonline.it\/index.php\/wp-json\/wp\/v2\/users\/2"}],"replies":[{"embeddable":true,"href":"https:\/\/www.cronacaonline.it\/index.php\/wp-json\/wp\/v2\/comments?post=216843"}],"version-history":[{"count":1,"href":"https:\/\/www.cronacaonline.it\/index.php\/wp-json\/wp\/v2\/posts\/216843\/revisions"}],"predecessor-version":[{"id":216844,"href":"https:\/\/www.cronacaonline.it\/index.php\/wp-json\/wp\/v2\/posts\/216843\/revisions\/216844"}],"wp:featuredmedia":[{"embeddable":true,"href":"https:\/\/www.cronacaonline.it\/index.php\/wp-json\/wp\/v2\/media\/150681"}],"wp:attachment":[{"href":"https:\/\/www.cronacaonline.it\/index.php\/wp-json\/wp\/v2\/media?parent=216843"}],"wp:term":[{"taxonomy":"category","embeddable":true,"href":"https:\/\/www.cronacaonline.it\/index.php\/wp-json\/wp\/v2\/categories?post=216843"},{"taxonomy":"post_tag","embeddable":true,"href":"https:\/\/www.cronacaonline.it\/index.php\/wp-json\/wp\/v2\/tags?post=216843"}],"curies":[{"name":"wp","href":"https:\/\/api.w.org\/{rel}","templated":true}]}}