{"id":216785,"date":"2022-01-25T16:34:26","date_gmt":"2022-01-25T15:34:26","guid":{"rendered":"https:\/\/www.cronacaonline.it\/?p=216785"},"modified":"2022-01-25T16:34:28","modified_gmt":"2022-01-25T15:34:28","slug":"consiglio-sardegna-commissione-insularita-la-sardegna-e-tra-le-ultime-regioni-europee-negli-indici-di-competitivita","status":"publish","type":"post","link":"https:\/\/www.cronacaonline.it\/index.php\/2022\/01\/25\/consiglio-sardegna-commissione-insularita-la-sardegna-e-tra-le-ultime-regioni-europee-negli-indici-di-competitivita\/","title":{"rendered":"Consiglio Sardegna &#8211; Commissione insularit\u00e0: la Sardegna \u00e8 tra le ultime regioni europee negli indici di competitivit\u00e0."},"content":{"rendered":"\n<p>Cagliari, 25 Gen 2022\u00a0-\u00a0\u00a0La Sardegna \u00e8 al 234\u00b0 posto su 268 regioni europee nell\u2019indice di competitivit\u00e0 regionale del 2019 (RCI) ed \u00e8 tra le ultime in Italia, basti pensare che la Lombardia \u00e8 al 146\u00b0 posto con una distanza di circa 90 posizioni. Dati che confermano le difficolt\u00e0 oggettive di una regione, come la Sardegna, che, per la sua condizione insulare, non ha avuto e non ha le stesse possibilit\u00e0 di sviluppo delle aree non insulari. E\u2019 quanto \u00e8 emerso oggi nel corso della seduta della Commissione speciale per il riconoscimento del principio di insularit\u00e0, presieduta da Michele Cossa (Riformatori sardi), che ha sentito in audizione l\u2019assessore del Bilancio, Giuseppe Fasolino, e dei Lavori Pubblici, Aldo Salaris, per fare il punto sul percorso della proposta di legge all\u2019esame della Camera e per definire i prossimi passi da fare per dare gambe a un testo che non deve restare soltanto sulla carta.\u00a0\u00a0\u201cLa Sardegna \u00e8, infatti, sempre pi\u00f9 vicina a ottenere il riconoscimento del principio di insularit\u00e0, ma bisogna essere preparati a declinarlo in progetti e azioni concrete\u201d, ha affermato Cossa. La Giunta regionale sta gi\u00e0 lavorando alla raccolta dei dati sul divario tra la Sardegna e le altre regioni italiane ed europee per individuare le linee di intervento da proporre al governo negli incontri che si terranno tra lo Stato e la Regione, probabilmente subito dopo l\u2019elezione del Presidente della Repubblica. Il presidente Cossa, a nome di tutta la Commissione, ha chiesto che il parlamentino da lui presieduto, venga coinvolto gi\u00e0 nella fase preliminare della stesura delle proposte, cos\u00ec come richiesto in una lettera sottoscritta da lui e dal presidente del Consiglio regionale, Michele Pais, e inviata al presidente della Regione, Christian Solinas. Una richiesta accolta dall\u2019assessore Fasolino, che ha garantito che, una volta raccolti tutti i dati necessari ad avere un quadro puntuale della situazione, si ragioner\u00e0 sui progetti da proporre insieme alla Commissione, che ha definito \u201cla pi\u00f9 importante di questa legislatura\u201d.<\/p>\n\n\n\n<p>Nel documento tecnico unitario, preparato dalla Direzione generale dei Lavori pubblici, e illustrato dall\u2019assessore Salaris e dal direttore generale, Piero Teodosio Dau, viene analizzato l\u2019European Regional Competitiveness Index&nbsp;(RCI, 2019), voluto&nbsp;dalla Commissione Europea per misurare i punti di forza e di debolezza delle regioni che fanno parte dell\u2019Unione europea, che valuta la \u201ccapacit\u00e0 di offrire un ambiente attrattivo e sostenibile ad aziende e cittadini per vivere e lavorare\u201d, e mette in luce le difficolt\u00e0 oggettive di regioni insulari come la Sardegna. Ma non solo. Tra gli indicatori presi in considerazione anche il prodotto pro capite, che nel 2018 vede la Sardegna al 338\u00b0 posto tra le 513 regioni europee, il reddito pro-capite, che posiziona la Sardegna al 297o&nbsp;posto rispetto alle regioni dell\u2019UE (dati 2017) e la specializzazione del lavoro, \u201cche vede la concentrazione nel terziario principalmente rivolta al settore della pubblica amministrazione a conferma della bassa produttivit\u00e0 in generale e in particolare del settore privato\u201d. Va male anche l\u2019indice relativo al livello di innovazione&nbsp;(Regional innovation Index&nbsp;RII):&nbsp;la Sardegna \u00e8 agli ultimi posti tra le regioni italiane, soprattutto&nbsp;nell\u2019indicatore relativo all\u2019innovazione di processo e di prodotto,&nbsp;alla presenza di imprese innovative e ai&nbsp;sistemi innovativi di mercato.&nbsp;L\u2019unico dato positivo \u00e8 relativo alla spesa in ricerca e sviluppo del settore pubblico, a cui di contro per\u00f2 si evidenzia una bassa spesa, sempre in ricerca e sviluppo, nel settore privato. Il RCI&nbsp;relativo alle infrastrutture, infine, posiziona la Sardegna al 203\u00b0 posto tra le regioni europee e tra le ultime in Italia: un gap infrastrutturale che riguarda prevalentemente la rete stradale e quella ferroviaria. Il documento tecnico, che sar\u00e0 pronto entro due settimane ed \u00e8 frutto del lavoro di collaborazione tra i diversi assessorati e la Commissione, cita inoltre lo studio realizzato dall\u2019Istituto Bruno Leoni, che aveva quantificato il&nbsp;deficit di Pil&nbsp;dovuto alla condizione insulare in 5.700 euro pro capite l\u2019anno.<\/p>\n\n\n\n<p>Quella emersa stamattina, dunque, \u00e8 una fotografia della Sardegna e dei suoi punti di debolezza, che saranno alla base dei ragionamenti per gli interventi da attuare per colmare il gap dovuto alla condizione di insularit\u00e0.<\/p>\n\n\n\n<p>Per l\u2019assessore Fasolino, con l\u2019inserimento del principio di insularit\u00e0 in Costituzione&nbsp;si potr\u00e0 parlare di rinascita della Sardegna, ma ha anche esortato tutti a vigilare affinch\u00e9 il percorso del testo di legge non venga bloccato da eventuali proposte di emendamenti. Fasolino ha anche auspicato che si possa creare una pi\u00f9 stretta collaborazione con la Sicilia cos\u00ec da dare pi\u00f9 forza all\u2019azione della Sardegna.<\/p>\n\n\n\n<p>Nel corso della seduta sono intervenuti Roberto Li Gioi (capogruppo M5S), Antonio Mundula (FdI), Eugenio Lai (capogruppo Leu), Francesco Agus (capogruppo Progressisti), Giuseppe Meloni (Pd), Antonello Peru (Udc \u2013 Cambiamo), che hanno condiviso la necessit\u00e0 di tenere alta l\u2019attenzione affinch\u00e9 si arrivi all\u2019approvazione del testo di legge alla Camera senza sorprese e di lavorare insieme alla Giunta per definire le proposte e i progetti da sottoporre a Governo. In commissione erano presenti anche i consiglieri Dario Giagoni (Lega) e Roberto Caredda (Misto).<\/p>\n\n\n\n<p>Il presidente Cossa ha ringraziato tutti i partecipanti alla seduta ricordando l\u2019importanza di tenere alta l\u2019attenzione e di creare un gruppo di lavoro che coinvolga anche i parlamentari sardi, la vice ministra dello Sviluppo economico, Alessandra&nbsp;Todde, chi, come il deputato Eugenio Zoffili, si \u00e8 speso per la Sardegna, e la Giunta regionale.<\/p>\n\n\n\n<p>Cossa ha, poi, evidenziato che il dottor Alessio Zuddas \u00e8 risultato vincitore della borsa di studio messa a bando dall\u2019Universit\u00e0, nell\u2019ambito della&nbsp;convenzione tra il Consiglio regionale e il Dipartimento di Scienze politiche e sociali dell\u2019Universit\u00e0 degli Studi di Cagliari, e ha iniziato ad esaminare il percorso preparatorio per la creazione della Macroregione MedOc Mediterraneo Occidentale. In particolare, si occuper\u00e0 di valutare se sia meglio la realizzazione di una Macroregione MedOc Mediterraneo Occidentale o di una Macroregione insulare del Mediterraneo, e quali possibilit\u00e0 abbia la Regione di incidere sulle normative europee, soprattutto per quanto riguarda l\u2019eliminazione del divieto di concedere aiuti di Stato.<\/p>\n\n\n\n<p>Il presidente Cossa ha anche messo in votazione la relazione del secondo anno di attivit\u00e0 della Commissione&nbsp;speciale per il riconoscimento del principio di insularit\u00e0, che \u00e8 stata approvata all\u2019unanimit\u00e0.&nbsp;Com<\/p>\n","protected":false},"excerpt":{"rendered":"<p>Cagliari, 25 Gen 2022\u00a0&#8211;\u00a0\u00a0La Sardegna \u00e8 al 234\u00b0 posto su 268 regioni europee nell\u2019indice di competitivit\u00e0 regionale del 2019 (RCI) ed \u00e8 tra le ultime&#8230;<\/p>\n","protected":false},"author":2,"featured_media":191300,"comment_status":"closed","ping_status":"open","sticky":false,"template":"","format":"standard","meta":[],"categories":[49,52],"tags":[],"_links":{"self":[{"href":"https:\/\/www.cronacaonline.it\/index.php\/wp-json\/wp\/v2\/posts\/216785"}],"collection":[{"href":"https:\/\/www.cronacaonline.it\/index.php\/wp-json\/wp\/v2\/posts"}],"about":[{"href":"https:\/\/www.cronacaonline.it\/index.php\/wp-json\/wp\/v2\/types\/post"}],"author":[{"embeddable":true,"href":"https:\/\/www.cronacaonline.it\/index.php\/wp-json\/wp\/v2\/users\/2"}],"replies":[{"embeddable":true,"href":"https:\/\/www.cronacaonline.it\/index.php\/wp-json\/wp\/v2\/comments?post=216785"}],"version-history":[{"count":1,"href":"https:\/\/www.cronacaonline.it\/index.php\/wp-json\/wp\/v2\/posts\/216785\/revisions"}],"predecessor-version":[{"id":216786,"href":"https:\/\/www.cronacaonline.it\/index.php\/wp-json\/wp\/v2\/posts\/216785\/revisions\/216786"}],"wp:featuredmedia":[{"embeddable":true,"href":"https:\/\/www.cronacaonline.it\/index.php\/wp-json\/wp\/v2\/media\/191300"}],"wp:attachment":[{"href":"https:\/\/www.cronacaonline.it\/index.php\/wp-json\/wp\/v2\/media?parent=216785"}],"wp:term":[{"taxonomy":"category","embeddable":true,"href":"https:\/\/www.cronacaonline.it\/index.php\/wp-json\/wp\/v2\/categories?post=216785"},{"taxonomy":"post_tag","embeddable":true,"href":"https:\/\/www.cronacaonline.it\/index.php\/wp-json\/wp\/v2\/tags?post=216785"}],"curies":[{"name":"wp","href":"https:\/\/api.w.org\/{rel}","templated":true}]}}