{"id":216778,"date":"2022-01-25T11:52:02","date_gmt":"2022-01-25T10:52:02","guid":{"rendered":"https:\/\/www.cronacaonline.it\/?p=216778"},"modified":"2022-01-25T11:52:04","modified_gmt":"2022-01-25T10:52:04","slug":"inclusione-e-disabilita-assessore-zedda-necessario-fare-degli-approfondimenti-sulle-potenzialita-del-terzo-settore","status":"publish","type":"post","link":"https:\/\/www.cronacaonline.it\/index.php\/2022\/01\/25\/inclusione-e-disabilita-assessore-zedda-necessario-fare-degli-approfondimenti-sulle-potenzialita-del-terzo-settore\/","title":{"rendered":"Inclusione e disabilit\u00e0, assessore Zedda: necessario fare degli approfondimenti sulle potenzialit\u00e0 del terzo settore."},"content":{"rendered":"\n<p>Cagliari, 25 Gen 2021 \u2013\u00a0\u201cA seguito anche della pandemia \u00e8 ancora pi\u00f9 urgente e necessario fare degli approfondimenti sulle potenzialit\u00e0 del terzo settore, che deve essere a met\u00e0 tra il pubblico e il mercato e in grado di orientare le azioni sulla base di tre principali missioni: la ricerca del benessere, l\u2019inclusione sociale e professionale e la prestazione reale. Da qui occorre ripartire per riuscire a dare quella giusta valenza a tutte le attivit\u00e0 di chi opera appunto nel terzo settore\u201d, afferma in una nota l\u2019Assessore del Lavoro Alessandra Zedda in apertura del secondo appuntamento con il progetto N.O.I., Network per l\u2019Occupabilit\u00e0 e l\u2019Inclusione, organizzato dall\u2019Agenzia sarda per le politiche sul lavoro, Aspal. Finanziato dal Por Fse Sardegna 2014-2020, il progetto mira a costruire una rete regionale per l\u2019inserimento lavorativo delle persone con disabilit\u00e0 sperimentando la costruzione di una rete di servizi per il collocamento mirato, volto a rendere efficace la presa in carico del cittadino con\u00a0disabilit\u00e0 da parte dei centri per l\u2019impiego presenti in Sardegna. \u201cPi\u00f9 saremo in grado di interagire con il Terzo settore, sempre pi\u00f9 rilevante e strategico, e pi\u00f9 il mondo della disabilit\u00e0 avr\u00e0 facilit\u00e0 a integrarsi\u201d, ha aggiunto. \u201cLa transizione della persona -\u00a0\u00a0con uno sguardo particolare a disabili, giovani, anziani e donne che continuano a essere il grande target di riferimento soprattutto a seguito della pandemia - \u00e8 al centro della prossima programmazione comunitaria e delle azioni di questo Assessorato e dell\u2019Agenzia del lavoro\u201d, ha concluso l\u2019Assessore Zedda.<\/p>\n\n\n\n<p>\u201cLa Regione \u00e8 impegnata a sostenere la piena inclusione delle persone con disabilit\u00e0 in ogni ambito della vita e a supportare il terzo settore, consapevole che la formazione e il lavoro sono il primo e pi\u00f9 importante strumento di inclusione sociale, antidoto contro la discriminazione anche in ambito lavorativo\u201d. Ha aggiunto il Presidente della Regione Christian Solinas. \u201cIntegrazione e inclusione sono una sfida possibile, che interpretiamo come la continua ricerca di forme, strumenti e misure in grado di favorire il coinvolgimento dei pi\u00f9 \u2018deboli\u2019 e rendere pi\u00f9 aperta, rispettosa, disponibile e solidale la nostra societ\u00e0\u201d, ha concluso il Presidente. Com<\/p>\n","protected":false},"excerpt":{"rendered":"<p>Cagliari, 25 Gen 2021 \u2013\u00a0\u201cA seguito anche della pandemia \u00e8 ancora pi\u00f9 urgente e necessario fare degli approfondimenti sulle potenzialit\u00e0 del terzo settore, che deve&#8230;<\/p>\n","protected":false},"author":2,"featured_media":216421,"comment_status":"closed","ping_status":"open","sticky":false,"template":"","format":"standard","meta":[],"categories":[49,52],"tags":[],"_links":{"self":[{"href":"https:\/\/www.cronacaonline.it\/index.php\/wp-json\/wp\/v2\/posts\/216778"}],"collection":[{"href":"https:\/\/www.cronacaonline.it\/index.php\/wp-json\/wp\/v2\/posts"}],"about":[{"href":"https:\/\/www.cronacaonline.it\/index.php\/wp-json\/wp\/v2\/types\/post"}],"author":[{"embeddable":true,"href":"https:\/\/www.cronacaonline.it\/index.php\/wp-json\/wp\/v2\/users\/2"}],"replies":[{"embeddable":true,"href":"https:\/\/www.cronacaonline.it\/index.php\/wp-json\/wp\/v2\/comments?post=216778"}],"version-history":[{"count":1,"href":"https:\/\/www.cronacaonline.it\/index.php\/wp-json\/wp\/v2\/posts\/216778\/revisions"}],"predecessor-version":[{"id":216779,"href":"https:\/\/www.cronacaonline.it\/index.php\/wp-json\/wp\/v2\/posts\/216778\/revisions\/216779"}],"wp:featuredmedia":[{"embeddable":true,"href":"https:\/\/www.cronacaonline.it\/index.php\/wp-json\/wp\/v2\/media\/216421"}],"wp:attachment":[{"href":"https:\/\/www.cronacaonline.it\/index.php\/wp-json\/wp\/v2\/media?parent=216778"}],"wp:term":[{"taxonomy":"category","embeddable":true,"href":"https:\/\/www.cronacaonline.it\/index.php\/wp-json\/wp\/v2\/categories?post=216778"},{"taxonomy":"post_tag","embeddable":true,"href":"https:\/\/www.cronacaonline.it\/index.php\/wp-json\/wp\/v2\/tags?post=216778"}],"curies":[{"name":"wp","href":"https:\/\/api.w.org\/{rel}","templated":true}]}}