{"id":216764,"date":"2022-01-25T10:35:10","date_gmt":"2022-01-25T09:35:10","guid":{"rendered":"https:\/\/www.cronacaonline.it\/?p=216764"},"modified":"2022-01-25T10:36:42","modified_gmt":"2022-01-25T09:36:42","slug":"venti-di-guerra-da-parte-della-russia-ma-la-nato-invia-uomini-e-mezzi-in-difesa-degli-stati-europei-confinanti-crisi-ucraina-diplomazia-al-lavoro-blinken-gravi-conseguenze-se-la-russia-sceglie-il","status":"publish","type":"post","link":"https:\/\/www.cronacaonline.it\/index.php\/2022\/01\/25\/venti-di-guerra-da-parte-della-russia-ma-la-nato-invia-uomini-e-mezzi-in-difesa-degli-stati-europei-confinanti-crisi-ucraina-diplomazia-al-lavoro-blinken-gravi-conseguenze-se-la-russia-sceglie-il\/","title":{"rendered":"Venti di guerra da parte della Russia ma la Nato invia uomini e mezzi in difesa degli stati europei confinanti Crisi Ucraina, diplomazia al lavoro. Blinken: &#8220;Gravi conseguenze se la Russia sceglie il conflitto&#8221;."},"content":{"rendered":"\n<p>Cagliari, 25 Gen 2022 - Si intensificano gli sforzi internazionali per trovare una soluzione diplomatica alla crisi ucraina mentre la tensione sul terreno sale alle stelle. La Nato schiera navi e jet, gli Stati Uniti mettono 8.500 soldati in stato di allerta. Biden consulta gli alleati e l'Europa, presente il premier Draghi. Confermato il sostegno alla \"sovranit\u00e0 e all'integrit\u00e0 territoriale dell'Ucraina\", sottolinea Palazzo Chigi, che parla di \"gravi conseguenze\" nel caso di un deterioramento della situazione.<\/p>\n\n\n\n<p>In nottata il segretario di stato americano Antony Blinken rinnova in un&nbsp;tweet l'avvertimento: \"Se la Russia sceglie il conflitto,&nbsp;imporremo pesanti conseguenze e alti costi\", afferma Blinken riferendo di aver informato l'Alto Rappresentante per gli Esteri Ue Joseph Borrell e le sue controparti europee delle \"recenti visite a Kiev, Berlino e Ginevra e di aver discusso gli sforzi per scoraggiare un'ulteriore aggressione russa contro l'Ucraina\".<\/p>\n\n\n\n<p>La diplomazia accelera nel tentativo di fermare la pericolosa escalation che ha messo il mondo sull'orlo di una guerra nel cuore dell'Europa.<\/p>\n\n\n\n<p>Il presidente francese Emmanuel\u00a0Macron voler\u00e0 stasera a Berlino\u00a0per una cena con il cancelliere Olaf Scholz: l'occasione sar\u00e0 un confronto sui temi legati alla presidenza francese dell'Unione Europea, ma ovviamente - anche se la Russia non \u00e8 esplicitamente menzionata tra gli argomenti di discussione - la crisi militare sul fianco orientale dell'Europa sar\u00e0 nel men\u00f9 dei colloqui.\u00a0<\/p>\n\n\n\n<p>Ma nelle prossime ore sar\u00e0 una girandola di colloqui. Macron prevede di parlare nei prossimi giorni con lo stesso Vladimir Putin per \"proporre un percorso di de-escalation\", che \u00e8 la sua priorit\u00e0. \"C'\u00e8 spazio per la diplomazia, c'\u00e8 spazio per la de-escalation\", hanno sottolineato fonti dell'Eliseo poco prima della videoconferenza che il presidente degli Stati Uniti Joe Biden ha convocato ieri sera con diversi leader europei, tra cui lo stesso Mario Draghi.&nbsp;<\/p>\n\n\n\n<p>Domani sono previsti anche colloqui di consiglieri politici di Russia, Ucraina, Francia e Germania in \"formato Normandia\". Parigi vuole ritagliare uno spazio all'Europa e punta da sempre affinch\u00e9 la diplomazia europea sia pi\u00f9 indipendente da Washington. Un tentativo che per\u00f2 si scontra con lo sforzo di alcuni Paesi baltici per un maggiore coinvolgimento e sostegno degli Stati Uniti.<\/p>\n\n\n\n<p>Gli Stati Uniti hanno posto in&nbsp;massima allerta fino a 8.500 militari&nbsp;per la crisi ucraina. Le forze potrebbero essere dislocate nell'area della crisi nello spazio ex sovietico. \u00c8 quanto ha comunicato il portavoce del Pentagono John Kirby durante un briefing ufficiale sulla situazione di grave tensione tra Mosca e Kiev. Secondo la Difesa Usa i russi \"al momento non hanno intenzione di iniziare una de-escalation\".<\/p>\n\n\n\n<p>Successivamente il presidente degli Stati Uniti ha incontrato in videoconferenza i leader europei, tra i quali anche Mario Draghi. \"Oggi ho parlato con i leader europei in risposta al rafforzamento militare russo ai confini dell'Ucraina\", ha poi dichiarato Biden. \"Abbiamo discusso dei nostri sforzi congiunti per scoraggiare un'ulteriore aggressione russa, come la possibilit\u00e0 di imporre gravi costi economici alla Russia e rafforzare la sicurezza sul fianco orientale\".<\/p>\n\n\n\n<p>\"\u00c8 stato reiterato il&nbsp;sostegno alla sovranit\u00e0&nbsp;- hanno fatto sapere da Palazzo Chigi - e all'integrit\u00e0 territoriale dell'Ucraina. Sono state inoltre ribadite l'importanza di mantenere il pi\u00f9 stretto coordinamento tra gli alleati e l'esigenza di una risposta comune, capace di&nbsp;tenere aperto un canale di dialogo con la Russia per allentare le tensioni, chiarendo nel contempo le gravi conseguenze che un ulteriore deterioramento della situazione potrebbe comportare\".<\/p>\n\n\n\n<p>\"Siamo d'accordo che qualsiasi ulteriore aggressione di Russia contro l'Ucraina avr\u00e0 costi elevati\", ha invece commentato il segretario generale della Nato Jens Stoltenberg. Da parte sua la presidente della Commissione europea, Ursula von der Leyen \"ha riaffermato il forte sostegno della Ue all'Ucraina che include l'annuncio di un&nbsp;nuovo pacchetto di sostegni da 1,2 miliardi di euro&nbsp;sotto forma di finanziamento d'emergenza e di ulteriori 120 milioni\".<\/p>\n","protected":false},"excerpt":{"rendered":"<p>Cagliari, 25 Gen 2022 &#8211; Si intensificano gli sforzi internazionali per trovare una soluzione diplomatica alla crisi ucraina mentre la tensione sul terreno sale alle&#8230;<\/p>\n","protected":false},"author":2,"featured_media":216765,"comment_status":"closed","ping_status":"open","sticky":false,"template":"","format":"standard","meta":[],"categories":[49,51],"tags":[],"_links":{"self":[{"href":"https:\/\/www.cronacaonline.it\/index.php\/wp-json\/wp\/v2\/posts\/216764"}],"collection":[{"href":"https:\/\/www.cronacaonline.it\/index.php\/wp-json\/wp\/v2\/posts"}],"about":[{"href":"https:\/\/www.cronacaonline.it\/index.php\/wp-json\/wp\/v2\/types\/post"}],"author":[{"embeddable":true,"href":"https:\/\/www.cronacaonline.it\/index.php\/wp-json\/wp\/v2\/users\/2"}],"replies":[{"embeddable":true,"href":"https:\/\/www.cronacaonline.it\/index.php\/wp-json\/wp\/v2\/comments?post=216764"}],"version-history":[{"count":2,"href":"https:\/\/www.cronacaonline.it\/index.php\/wp-json\/wp\/v2\/posts\/216764\/revisions"}],"predecessor-version":[{"id":216767,"href":"https:\/\/www.cronacaonline.it\/index.php\/wp-json\/wp\/v2\/posts\/216764\/revisions\/216767"}],"wp:featuredmedia":[{"embeddable":true,"href":"https:\/\/www.cronacaonline.it\/index.php\/wp-json\/wp\/v2\/media\/216765"}],"wp:attachment":[{"href":"https:\/\/www.cronacaonline.it\/index.php\/wp-json\/wp\/v2\/media?parent=216764"}],"wp:term":[{"taxonomy":"category","embeddable":true,"href":"https:\/\/www.cronacaonline.it\/index.php\/wp-json\/wp\/v2\/categories?post=216764"},{"taxonomy":"post_tag","embeddable":true,"href":"https:\/\/www.cronacaonline.it\/index.php\/wp-json\/wp\/v2\/tags?post=216764"}],"curies":[{"name":"wp","href":"https:\/\/api.w.org\/{rel}","templated":true}]}}