{"id":216745,"date":"2022-01-24T17:36:28","date_gmt":"2022-01-24T16:36:28","guid":{"rendered":"https:\/\/www.cronacaonline.it\/?p=216745"},"modified":"2022-01-24T17:36:29","modified_gmt":"2022-01-24T16:36:29","slug":"prezzario-regionale-rush-finale-per-ladeguamento-lassessore-salaris-entro-febbraio-il-documento","status":"publish","type":"post","link":"https:\/\/www.cronacaonline.it\/index.php\/2022\/01\/24\/prezzario-regionale-rush-finale-per-ladeguamento-lassessore-salaris-entro-febbraio-il-documento\/","title":{"rendered":"Prezzario regionale, rush finale per l\u2019adeguamento. L\u2019assessore Salaris: \u201centro febbraio il documento\u201d."},"content":{"rendered":"\n<p>Cagliari, 24 Gen 2022\u00a0- Prosegue l\u2019impegno della Regione per l\u2019aggiornamento del prezzario regionale, fondamentale strumento di supporto alle stazioni appaltanti e agli operatori del settore per la quantificazione dei costi degli interventi delle opere pubbliche. Entro febbraio l\u2019elenco sar\u00e0 aggiornato per quelli che sono i materiali pi\u00f9 importanti e pi\u00f9 richiesti dal mercato. L\u2019aggiornamento consente alle stazioni appaltanti, che sono tenute a determinare l\u2019importo delle lavorazioni tenendo fede alle indicazioni dei prezzari regionali, di definire il computo metrico sulla base di prezzi aggiornati al reale andamento del mercato.<\/p>\n\n\n\n<p>Il tema, strategico per garantire la tenuta del sistema edile e del mondo delle costruzioni, sar\u00e0 anche al centro della Conferenza delle Regioni in programma per i prossimi giorni con l\u2019obiettivo di arrivare ad avere dei prezzari il pi\u00f9 possibili uniformi sul territorio nazionale.&nbsp;L\u2019Assessorato \u00e8 infatti impegnato nell\u2019adeguamento dei prezzi esistenti, nell\u2019analisi delle voci nuove e di quelle pi\u00f9 impattanti per i lavori che riguardano il bonus 110%.&nbsp;\u201cAbbiamo portato avanti un lungo e impegnativo lavoro e lo abbiamo fatto di concerto con le Associazioni di categoria e tutti i soggetti interessati \u2013 spiega l\u2019Assessore Salaris \u2013 Dove non \u00e8 stato possibile reperire listini aggiornati si \u00e8 lavorato sulla base delle rilevazioni fatte dalla altre regioni d\u2019Italia, adeguando quando necessario i prezzi medi agli aumenti Istat, sempre con riferimento alle peculiarit\u00e0 della nostra regione. Stiamo quindi per chiudere un lavoro di ricerca, calcoli e aggiornamento con l\u2019obiettivo di dotare il sistema sardo di uno strumento aggiornato e agile\u201d.<\/p>\n\n\n\n<p>ll prezzario regionale dei lavori pubblici rappresenta per gli operatori pubblici e privati del settore uno strumento essenziale per attuare una corretta ed efficace attivit\u00e0 di programmazione delle risorse destinate alla realizzazione delle opere pubbliche, oltre a costituire la base di riferimento per l'elaborazione dei capitolati e la congrua definizione degli importi a base di gara. \u201cEntro febbraio&nbsp;la Sardegna potr\u00e0 contare su un prezzario aggiornato e in linea con i tempi, necessario per la stima preventiva, la progettazione e la realizzazione di opere pubbliche. Un valido strumento che cui mette al passo con i tempi e che faciliter\u00e0 la ripresa di uno dei comparti pi\u00f9 importanti della nostra economia\u201d, ha concluso l\u2019esponente della Giunta Sarda.&nbsp;Com<\/p>\n","protected":false},"excerpt":{"rendered":"<p>Cagliari, 24 Gen 2022\u00a0&#8211; Prosegue l\u2019impegno della Regione per l\u2019aggiornamento del prezzario regionale, fondamentale strumento di supporto alle stazioni appaltanti e agli operatori del settore&#8230;<\/p>\n","protected":false},"author":2,"featured_media":213611,"comment_status":"closed","ping_status":"open","sticky":false,"template":"","format":"standard","meta":[],"categories":[49,52],"tags":[],"_links":{"self":[{"href":"https:\/\/www.cronacaonline.it\/index.php\/wp-json\/wp\/v2\/posts\/216745"}],"collection":[{"href":"https:\/\/www.cronacaonline.it\/index.php\/wp-json\/wp\/v2\/posts"}],"about":[{"href":"https:\/\/www.cronacaonline.it\/index.php\/wp-json\/wp\/v2\/types\/post"}],"author":[{"embeddable":true,"href":"https:\/\/www.cronacaonline.it\/index.php\/wp-json\/wp\/v2\/users\/2"}],"replies":[{"embeddable":true,"href":"https:\/\/www.cronacaonline.it\/index.php\/wp-json\/wp\/v2\/comments?post=216745"}],"version-history":[{"count":1,"href":"https:\/\/www.cronacaonline.it\/index.php\/wp-json\/wp\/v2\/posts\/216745\/revisions"}],"predecessor-version":[{"id":216746,"href":"https:\/\/www.cronacaonline.it\/index.php\/wp-json\/wp\/v2\/posts\/216745\/revisions\/216746"}],"wp:featuredmedia":[{"embeddable":true,"href":"https:\/\/www.cronacaonline.it\/index.php\/wp-json\/wp\/v2\/media\/213611"}],"wp:attachment":[{"href":"https:\/\/www.cronacaonline.it\/index.php\/wp-json\/wp\/v2\/media?parent=216745"}],"wp:term":[{"taxonomy":"category","embeddable":true,"href":"https:\/\/www.cronacaonline.it\/index.php\/wp-json\/wp\/v2\/categories?post=216745"},{"taxonomy":"post_tag","embeddable":true,"href":"https:\/\/www.cronacaonline.it\/index.php\/wp-json\/wp\/v2\/tags?post=216745"}],"curies":[{"name":"wp","href":"https:\/\/api.w.org\/{rel}","templated":true}]}}