{"id":216649,"date":"2022-01-21T16:12:26","date_gmt":"2022-01-21T15:12:26","guid":{"rendered":"https:\/\/www.cronacaonline.it\/?p=216649"},"modified":"2022-01-21T16:12:28","modified_gmt":"2022-01-21T15:12:28","slug":"area-approvati-gli-indirizzi-2022-2024-lassessore-salaris-azione-programmata-per-garantire-equita-sociale-e-intervenire-nelle-situazioni-di-disagio","status":"publish","type":"post","link":"https:\/\/www.cronacaonline.it\/index.php\/2022\/01\/21\/area-approvati-gli-indirizzi-2022-2024-lassessore-salaris-azione-programmata-per-garantire-equita-sociale-e-intervenire-nelle-situazioni-di-disagio\/","title":{"rendered":"Area, approvati gli indirizzi 2022-2024. L\u2019assessore Salaris: \u201cazione programmata per garantire equit\u00e0 sociale e intervenire nelle situazioni di disagio\u201d."},"content":{"rendered":"\n<p>Cagliari, 21 gennaio 2022 \u2013\u00a0La Giunta regionale ha approvato gli indirizzi regionali strategici per gli anni 2022-2024 che riguardano l\u2019Azienda per l\u2019edilizia residenziale pubblica, Area. \u201cUn sistema di edilizia residenziale efficiente allontana il rischio di esclusione sociale e povert\u00e0 e allevia le situazioni di disagio abitativo\u201d, ha detto l\u2019Assessore dei Lavori Pubblici, Aldo Salaris, commentando la delibera che va a incidere, oltre che sugli indirizzi programmatici, anche su importanti interventi fino a oggi rimandati come la riqualificazione degli alloggi nel quartiere Sant\u2019Elia a Cagliari. \u201cOggi pi\u00f9 che mai abbiamo il dovere di intervenire in favore delle fasce sociali pi\u00f9 deboli per accorciare la forbice delle diseguaglianze \u2013 ha continuato l\u2019Assessore - Poter contare su un\u2019azienda regionale efficiente e in grado di rispondere alle esigenze delle famiglie sarde in condizioni economiche e sociali disagiate e di esercitare al meglio le funzioni di attuazione ed eventualmente di gestione di opere e interventi di edilizia attribuite alla competenza regionale \u00e8 fondamentale\u201d.<\/p>\n\n\n\n<p>Tra gli obiettivi approvati nel corso dell\u2019ultima seduta di Giunta figurano l\u2019attuazione degli interventi di riqualificazione strutturale e sociale del quartiere S. Elia a Cagliari con il rifacimento delle condotte idriche e fognarie al servizio degli edifici del quartiere sulla base di un finanziamento disponibile di \u20ac 3.500.000 (i lavori saranno preceduti dalle attivit\u00e0 di progettazione preliminare e esecutiva definitiva). Atro importante obiettivo \u00e8 la messa a disposizione, per l\u2019assegnazione, degli alloggi di risulta che necessitano di interventi di manutenzione ordinaria e\/o straordinaria e che una volta sistemati andranno a soddisfare il fabbisogno. Attenzione anche all\u2019indicatore relativo al recupero dei crediti e al contenimento della morosit\u00e0, necessarie per garantire equit\u00e0 e giustizia sociale. Alla realizzazione degli interventi di efficientamento energetico approvati con Por-Fesr 2014-2020, quindi non riconducibili all\u2019attuale Legislatura ma ancora in essere, si aggiungeranno quelli per l\u2019efficientamento energetico di 35mila edifici in tutta la Sardegna utilizzando i benefici fiscali derivanti dal superbonus. Il progetto Superbonus in particolare comporter\u00e0 la riqualificazione energetica del patrimonio immobiliare individuato, che si realizzer\u00e0 con sinergie fra sistema creditizio, per quanto riguarda la cessione del credito, ed imprenditorialit\u00e0 specializzata, per quanto riguarda le finalit\u00e0 realizzative degli interventi. Com<\/p>\n","protected":false},"excerpt":{"rendered":"<p>Cagliari, 21 gennaio 2022 \u2013\u00a0La Giunta regionale ha approvato gli indirizzi regionali strategici per gli anni 2022-2024 che riguardano l\u2019Azienda per l\u2019edilizia residenziale pubblica, Area.&#8230;<\/p>\n","protected":false},"author":2,"featured_media":208753,"comment_status":"closed","ping_status":"open","sticky":false,"template":"","format":"standard","meta":[],"categories":[49,52],"tags":[],"_links":{"self":[{"href":"https:\/\/www.cronacaonline.it\/index.php\/wp-json\/wp\/v2\/posts\/216649"}],"collection":[{"href":"https:\/\/www.cronacaonline.it\/index.php\/wp-json\/wp\/v2\/posts"}],"about":[{"href":"https:\/\/www.cronacaonline.it\/index.php\/wp-json\/wp\/v2\/types\/post"}],"author":[{"embeddable":true,"href":"https:\/\/www.cronacaonline.it\/index.php\/wp-json\/wp\/v2\/users\/2"}],"replies":[{"embeddable":true,"href":"https:\/\/www.cronacaonline.it\/index.php\/wp-json\/wp\/v2\/comments?post=216649"}],"version-history":[{"count":1,"href":"https:\/\/www.cronacaonline.it\/index.php\/wp-json\/wp\/v2\/posts\/216649\/revisions"}],"predecessor-version":[{"id":216650,"href":"https:\/\/www.cronacaonline.it\/index.php\/wp-json\/wp\/v2\/posts\/216649\/revisions\/216650"}],"wp:featuredmedia":[{"embeddable":true,"href":"https:\/\/www.cronacaonline.it\/index.php\/wp-json\/wp\/v2\/media\/208753"}],"wp:attachment":[{"href":"https:\/\/www.cronacaonline.it\/index.php\/wp-json\/wp\/v2\/media?parent=216649"}],"wp:term":[{"taxonomy":"category","embeddable":true,"href":"https:\/\/www.cronacaonline.it\/index.php\/wp-json\/wp\/v2\/categories?post=216649"},{"taxonomy":"post_tag","embeddable":true,"href":"https:\/\/www.cronacaonline.it\/index.php\/wp-json\/wp\/v2\/tags?post=216649"}],"curies":[{"name":"wp","href":"https:\/\/api.w.org\/{rel}","templated":true}]}}