{"id":216597,"date":"2022-01-20T16:34:09","date_gmt":"2022-01-20T15:34:09","guid":{"rendered":"https:\/\/www.cronacaonline.it\/?p=216597"},"modified":"2022-01-20T16:34:10","modified_gmt":"2022-01-20T15:34:10","slug":"richiesta-del-sindaco-paolo-truzzu-al-prefetto-di-cagliari-sulla-sicurezza-delle-donne-di-notte-nella-zona-della-vita-notturna","status":"publish","type":"post","link":"https:\/\/www.cronacaonline.it\/index.php\/2022\/01\/20\/richiesta-del-sindaco-paolo-truzzu-al-prefetto-di-cagliari-sulla-sicurezza-delle-donne-di-notte-nella-zona-della-vita-notturna\/","title":{"rendered":"Richiesta del Sindaco Paolo Truzzu al Prefetto di Cagliari sulla sicurezza delle donne di notte nella zona della vita notturna."},"content":{"rendered":"\n<p>Cagliari, 20 Gen 2022 - Il sindaco Paolo Truzzu ha richiesto al Prefetto di Cagliari Gianfranco Tomao la convocazione, per i primi giorni della prossima settimana, del Comitato provinciale per l'ordine e la sicurezza, a seguito dei gravi episodi di violenza ai danni di alcune giovani donne avvenuti in centro citt\u00e0.<br>In accordo con il Corpo di Polizia Locale \u00e8 stato inoltre disposto il potenziamento della sorveglianza nelle zone pi\u00f9 a rischio, disponendo un controllo mobile da parte di pattuglie, in orari notturni e in modo particolare nel corso dei fine settimana. Sar\u00e0 potenziata la vigilanza nella piazza del Carmine.<br>Recentemente sono state intensificate le iniziative di controllo su strade e piazze cittadine, operate dalla polizia municipale in stretto contatto con le forze dell\u2019ordine.\u00a0<\/p>\n","protected":false},"excerpt":{"rendered":"<p>Cagliari, 20 Gen 2022 &#8211; Il sindaco Paolo Truzzu ha richiesto al Prefetto di Cagliari Gianfranco Tomao la convocazione, per i primi giorni della prossima&#8230;<\/p>\n","protected":false},"author":2,"featured_media":192206,"comment_status":"closed","ping_status":"open","sticky":false,"template":"","format":"standard","meta":[],"categories":[49,52],"tags":[],"_links":{"self":[{"href":"https:\/\/www.cronacaonline.it\/index.php\/wp-json\/wp\/v2\/posts\/216597"}],"collection":[{"href":"https:\/\/www.cronacaonline.it\/index.php\/wp-json\/wp\/v2\/posts"}],"about":[{"href":"https:\/\/www.cronacaonline.it\/index.php\/wp-json\/wp\/v2\/types\/post"}],"author":[{"embeddable":true,"href":"https:\/\/www.cronacaonline.it\/index.php\/wp-json\/wp\/v2\/users\/2"}],"replies":[{"embeddable":true,"href":"https:\/\/www.cronacaonline.it\/index.php\/wp-json\/wp\/v2\/comments?post=216597"}],"version-history":[{"count":1,"href":"https:\/\/www.cronacaonline.it\/index.php\/wp-json\/wp\/v2\/posts\/216597\/revisions"}],"predecessor-version":[{"id":216598,"href":"https:\/\/www.cronacaonline.it\/index.php\/wp-json\/wp\/v2\/posts\/216597\/revisions\/216598"}],"wp:featuredmedia":[{"embeddable":true,"href":"https:\/\/www.cronacaonline.it\/index.php\/wp-json\/wp\/v2\/media\/192206"}],"wp:attachment":[{"href":"https:\/\/www.cronacaonline.it\/index.php\/wp-json\/wp\/v2\/media?parent=216597"}],"wp:term":[{"taxonomy":"category","embeddable":true,"href":"https:\/\/www.cronacaonline.it\/index.php\/wp-json\/wp\/v2\/categories?post=216597"},{"taxonomy":"post_tag","embeddable":true,"href":"https:\/\/www.cronacaonline.it\/index.php\/wp-json\/wp\/v2\/tags?post=216597"}],"curies":[{"name":"wp","href":"https:\/\/api.w.org\/{rel}","templated":true}]}}