{"id":216560,"date":"2022-01-19T19:13:48","date_gmt":"2022-01-19T18:13:48","guid":{"rendered":"https:\/\/www.cronacaonline.it\/?p=216560"},"modified":"2022-01-19T19:13:50","modified_gmt":"2022-01-19T18:13:50","slug":"unita-di-crisi-lassessore-nieddu-pronti-ad-attivare-27-posti-in-terapia-intensiva-covid","status":"publish","type":"post","link":"https:\/\/www.cronacaonline.it\/index.php\/2022\/01\/19\/unita-di-crisi-lassessore-nieddu-pronti-ad-attivare-27-posti-in-terapia-intensiva-covid\/","title":{"rendered":"Unit\u00e0 di crisi, l&#8217;assessore Nieddu: \u201cpronti ad attivare 27 posti in terapia intensiva Covid\u201d."},"content":{"rendered":"\n<p>Cagliari,\u00a019 Gen 2022\u00a0\u2013\u00a0Si \u00e8 appena conclusa l'Unit\u00e0 di crisi regionale presieduta dall'assessore della Sanit\u00e0, Mario Nieddu, in videoconferenza con tutte le direzioni generali delle aziende sanitarie della Sardegna. Il vertice si \u00e8 riunito questo pomeriggio per un confronto sulla gestione dell'emergenza Covid in relazione al peggioramento del quadro epidemiologico. \u201cSiamo pronti ad attivare, in ventiquattro ore, fino a\u00a0nuovi posti letto in terapia intensiva. Speriamo non sia necessario, ma dobbiamo essere pronti a ogni scenario\u201d.<\/p>\n\n\n\n<p>Oggi&nbsp;in Sardegna sono presenti 220 posti in terapia intensiva, di questi 92 dedicati ai pazienti Covid, di cui 30 attualmente attivi (27 occupati). Tre dunque i posti letto liberi in terapia intensiva Covid e ventisette i posti immediatamente attivabili: 8 al Santissima Trinit\u00e0 e uno al Binaghi di Cagliari, 6 all'ospedale Civile di Alghero, 12 al San Francesco di Nuoro.&nbsp;Com<\/p>\n","protected":false},"excerpt":{"rendered":"<p>Cagliari,\u00a019 Gen 2022\u00a0\u2013\u00a0Si \u00e8 appena conclusa l&#8217;Unit\u00e0 di crisi regionale presieduta dall&#8217;assessore della Sanit\u00e0, Mario Nieddu, in videoconferenza con tutte le direzioni generali delle aziende&#8230;<\/p>\n","protected":false},"author":2,"featured_media":203440,"comment_status":"closed","ping_status":"open","sticky":false,"template":"","format":"standard","meta":[],"categories":[49,52],"tags":[],"_links":{"self":[{"href":"https:\/\/www.cronacaonline.it\/index.php\/wp-json\/wp\/v2\/posts\/216560"}],"collection":[{"href":"https:\/\/www.cronacaonline.it\/index.php\/wp-json\/wp\/v2\/posts"}],"about":[{"href":"https:\/\/www.cronacaonline.it\/index.php\/wp-json\/wp\/v2\/types\/post"}],"author":[{"embeddable":true,"href":"https:\/\/www.cronacaonline.it\/index.php\/wp-json\/wp\/v2\/users\/2"}],"replies":[{"embeddable":true,"href":"https:\/\/www.cronacaonline.it\/index.php\/wp-json\/wp\/v2\/comments?post=216560"}],"version-history":[{"count":1,"href":"https:\/\/www.cronacaonline.it\/index.php\/wp-json\/wp\/v2\/posts\/216560\/revisions"}],"predecessor-version":[{"id":216561,"href":"https:\/\/www.cronacaonline.it\/index.php\/wp-json\/wp\/v2\/posts\/216560\/revisions\/216561"}],"wp:featuredmedia":[{"embeddable":true,"href":"https:\/\/www.cronacaonline.it\/index.php\/wp-json\/wp\/v2\/media\/203440"}],"wp:attachment":[{"href":"https:\/\/www.cronacaonline.it\/index.php\/wp-json\/wp\/v2\/media?parent=216560"}],"wp:term":[{"taxonomy":"category","embeddable":true,"href":"https:\/\/www.cronacaonline.it\/index.php\/wp-json\/wp\/v2\/categories?post=216560"},{"taxonomy":"post_tag","embeddable":true,"href":"https:\/\/www.cronacaonline.it\/index.php\/wp-json\/wp\/v2\/tags?post=216560"}],"curies":[{"name":"wp","href":"https:\/\/api.w.org\/{rel}","templated":true}]}}