{"id":216548,"date":"2022-01-19T14:23:21","date_gmt":"2022-01-19T13:23:21","guid":{"rendered":"https:\/\/www.cronacaonline.it\/?p=216548"},"modified":"2022-01-19T14:23:23","modified_gmt":"2022-01-19T13:23:23","slug":"green-pass-cabras-alt-accolto-impegno-a-rimuoverlo-per-collegamenti-delle-isole","status":"publish","type":"post","link":"https:\/\/www.cronacaonline.it\/index.php\/2022\/01\/19\/green-pass-cabras-alt-accolto-impegno-a-rimuoverlo-per-collegamenti-delle-isole\/","title":{"rendered":"Green pass: Cabras (Alt), accolto impegno a rimuoverlo per collegamenti delle isole."},"content":{"rendered":"\n<p><br>Roma, 19 gen. \u2013 \u201cIl governo si \u00e8 trovato costretto a riconoscere che esiste un grosso problema nell\u2019imporre l\u2019obbligo del Super green pass nei collegamenti aerei e marittimi che garantiscono la continuit\u00e0 territoriale delle isole. Non esultiamo, ma \u00e8 una piccola breccia che pu\u00f2 far crollare tutto\u201d. \u00c8 quanto afferma in una nota Pino Cabras, Presidente di Alternativa e deputato sardo, ai margini delle votazioni sulla conversione del decreto-legge 172\/2021 che si sono tenute questa mattina alla Camera<\/p>\n\n\n\n<p>\u201cL\u2019ordine del giorno che ho presentato, e che \u00e8 stato accolto, impegna il governo a intervenire per rimuovere questo assurdo e illogico obbligo. Si tratta di una misura che discrimina oltre sei milioni di persone che vivono tra Sardegna, Sicilia e le tante isole italiane, impedendogli di muoversi liberamente e precludendogli il diritto al lavoro, allo studio, alla salute\u201d.<br><br>\u201cDa decenni gli abitanti della Sardegna e della Sicilia sopportano e lamentano le difficolt\u00e0 di spostamento verso i territori continentali della Repubblica. Stiamo parlando di collegamenti che garantiscono la continuit\u00e0 territoriale e, quindi, il diritto alla libert\u00e0 di circolazione e spostamento di tutti i cittadini italiani, soprattutto di quelli isolani. Un diritto che deve essere riconosciuto a prescindere dalla collocazione geografica o da qualsivoglia altra condizione o situazione individuale\u201d. Com<\/p>\n","protected":false},"excerpt":{"rendered":"<p>Roma, 19 gen. \u2013 \u201cIl governo si \u00e8 trovato costretto a riconoscere che esiste un grosso problema nell\u2019imporre l\u2019obbligo del Super green pass nei collegamenti&#8230;<\/p>\n","protected":false},"author":2,"featured_media":172114,"comment_status":"closed","ping_status":"open","sticky":false,"template":"","format":"standard","meta":[],"categories":[49,52],"tags":[],"_links":{"self":[{"href":"https:\/\/www.cronacaonline.it\/index.php\/wp-json\/wp\/v2\/posts\/216548"}],"collection":[{"href":"https:\/\/www.cronacaonline.it\/index.php\/wp-json\/wp\/v2\/posts"}],"about":[{"href":"https:\/\/www.cronacaonline.it\/index.php\/wp-json\/wp\/v2\/types\/post"}],"author":[{"embeddable":true,"href":"https:\/\/www.cronacaonline.it\/index.php\/wp-json\/wp\/v2\/users\/2"}],"replies":[{"embeddable":true,"href":"https:\/\/www.cronacaonline.it\/index.php\/wp-json\/wp\/v2\/comments?post=216548"}],"version-history":[{"count":1,"href":"https:\/\/www.cronacaonline.it\/index.php\/wp-json\/wp\/v2\/posts\/216548\/revisions"}],"predecessor-version":[{"id":216549,"href":"https:\/\/www.cronacaonline.it\/index.php\/wp-json\/wp\/v2\/posts\/216548\/revisions\/216549"}],"wp:featuredmedia":[{"embeddable":true,"href":"https:\/\/www.cronacaonline.it\/index.php\/wp-json\/wp\/v2\/media\/172114"}],"wp:attachment":[{"href":"https:\/\/www.cronacaonline.it\/index.php\/wp-json\/wp\/v2\/media?parent=216548"}],"wp:term":[{"taxonomy":"category","embeddable":true,"href":"https:\/\/www.cronacaonline.it\/index.php\/wp-json\/wp\/v2\/categories?post=216548"},{"taxonomy":"post_tag","embeddable":true,"href":"https:\/\/www.cronacaonline.it\/index.php\/wp-json\/wp\/v2\/tags?post=216548"}],"curies":[{"name":"wp","href":"https:\/\/api.w.org\/{rel}","templated":true}]}}