{"id":216537,"date":"2022-01-19T12:14:39","date_gmt":"2022-01-19T11:14:39","guid":{"rendered":"https:\/\/www.cronacaonline.it\/?p=216537"},"modified":"2022-01-19T12:14:41","modified_gmt":"2022-01-19T11:14:41","slug":"consiglio-sardegna-commissione-governo-del-territorio-rinviato-il-parere-sulle-delibere-dellautorita-di-bacino","status":"publish","type":"post","link":"https:\/\/www.cronacaonline.it\/index.php\/2022\/01\/19\/consiglio-sardegna-commissione-governo-del-territorio-rinviato-il-parere-sulle-delibere-dellautorita-di-bacino\/","title":{"rendered":"Consiglio Sardegna &#8211; Commissione Governo del territorio: rinviato il parere sulle delibere dell\u2019Autorit\u00e0 di bacino."},"content":{"rendered":"\n<p>Cagliari, 19 Gen 2022 \u2013 La commissione Governo del territorio, presieduta da Giuseppe Talanas (Forza Italia), ha deciso all\u2019unanimit\u00e0 di rinviare ad una prossima seduta l\u2019espressione del parere sulla delibere dell\u2019Autorit\u00e0 di bacino riguardanti i piani di gestione del rischio idro-geologico.<\/p>\n\n\n\n<p>Si tratta, hanno osservato i commissari, di una documentazione molto ampia e tecnicamente complessa, che per\u00f2 presenta ricadute importanti e concrete sulla vita quotidiana delle comunit\u00e0 e dei cittadini. Per questo, in conclusione, \u00e8 particolarmente opportuno un approfondimento.<\/p>\n\n\n\n<p>Nella riunione odierna la commissione ha inoltre eletto un segretario, il consigliere della Lega Michele Ennas. Com<\/p>\n","protected":false},"excerpt":{"rendered":"<p>Cagliari, 19 Gen 2022 \u2013 La commissione Governo del territorio, presieduta da Giuseppe Talanas (Forza Italia), ha deciso all\u2019unanimit\u00e0 di rinviare ad una prossima seduta&#8230;<\/p>\n","protected":false},"author":2,"featured_media":192510,"comment_status":"closed","ping_status":"open","sticky":false,"template":"","format":"standard","meta":[],"categories":[49,52],"tags":[],"_links":{"self":[{"href":"https:\/\/www.cronacaonline.it\/index.php\/wp-json\/wp\/v2\/posts\/216537"}],"collection":[{"href":"https:\/\/www.cronacaonline.it\/index.php\/wp-json\/wp\/v2\/posts"}],"about":[{"href":"https:\/\/www.cronacaonline.it\/index.php\/wp-json\/wp\/v2\/types\/post"}],"author":[{"embeddable":true,"href":"https:\/\/www.cronacaonline.it\/index.php\/wp-json\/wp\/v2\/users\/2"}],"replies":[{"embeddable":true,"href":"https:\/\/www.cronacaonline.it\/index.php\/wp-json\/wp\/v2\/comments?post=216537"}],"version-history":[{"count":1,"href":"https:\/\/www.cronacaonline.it\/index.php\/wp-json\/wp\/v2\/posts\/216537\/revisions"}],"predecessor-version":[{"id":216538,"href":"https:\/\/www.cronacaonline.it\/index.php\/wp-json\/wp\/v2\/posts\/216537\/revisions\/216538"}],"wp:featuredmedia":[{"embeddable":true,"href":"https:\/\/www.cronacaonline.it\/index.php\/wp-json\/wp\/v2\/media\/192510"}],"wp:attachment":[{"href":"https:\/\/www.cronacaonline.it\/index.php\/wp-json\/wp\/v2\/media?parent=216537"}],"wp:term":[{"taxonomy":"category","embeddable":true,"href":"https:\/\/www.cronacaonline.it\/index.php\/wp-json\/wp\/v2\/categories?post=216537"},{"taxonomy":"post_tag","embeddable":true,"href":"https:\/\/www.cronacaonline.it\/index.php\/wp-json\/wp\/v2\/tags?post=216537"}],"curies":[{"name":"wp","href":"https:\/\/api.w.org\/{rel}","templated":true}]}}