{"id":216520,"date":"2022-01-18T16:46:39","date_gmt":"2022-01-18T15:46:39","guid":{"rendered":"https:\/\/www.cronacaonline.it\/?p=216520"},"modified":"2022-01-18T16:46:41","modified_gmt":"2022-01-18T15:46:41","slug":"destinazione-sardegna-lavoro-snellite-le-procedure-e-allungati-i-tempi-lassessore-zedda-domande-semplificate-per-favorire-la-partecipazione","status":"publish","type":"post","link":"https:\/\/www.cronacaonline.it\/index.php\/2022\/01\/18\/destinazione-sardegna-lavoro-snellite-le-procedure-e-allungati-i-tempi-lassessore-zedda-domande-semplificate-per-favorire-la-partecipazione\/","title":{"rendered":"Destinazione Sardegna Lavoro, snellite le procedure e allungati i tempi. L\u2019assessore Zedda: \u201cdomande semplificate per favorire la partecipazione\u201d."},"content":{"rendered":"\n<p>Cagliari, 18 Gen 2022 \u2013\u00a0Pratiche pi\u00f9 snelle e ampliamento anche ai mesi spalla della possibilit\u00e0 di avere l\u2019aiuto economico regionale. Sono le due importanti novit\u00e0 che riguardano l\u2019avviso \u201cDestinazione Sardegna lavoro 2021\u201d finalizzato al sostegno di imprese e addetti della filiera turistica i cui termini per la presentazione delle domande sono stati appunto differiti per consentire una partecipazione maggiore e una copertura pi\u00f9 ampia dei soggetti interessati. Da una parte, con delibera di Giunta, si andr\u00e0 ad agire sulla tempistica allungando il periodo interessato che non partir\u00e0 pi\u00f9 da aprile ma da febbraio e dall\u2019altra, come ha spiegato l\u2019Assessore del Lavoro Alessandra Zedda, si \u00e8 agito per ridefinire le modalit\u00e0 operative con una imponente azione di semplificazione. In sostanza sono state snellite le modalit\u00e0 di caricamento delle istanze: una volta ritenuta la pratica ammissibile verr\u00e0 inviata comunicazione da parte della Regione, solo in un secondo momento quindi l\u2019azienda dovr\u00e0 fornire i dettagli sui dipendenti e i relativi importi. A una maggiore facilit\u00e0 di caricamento dei dati da parte dei soggetti interessati corrisponder\u00e0 un risparmio di tempo e una maggiore facilit\u00e0 di presentazione della domanda.<\/p>\n\n\n\n<p>Nel corso dell\u2019incontro avvenuto in via telematica l\u2019Assessore Zedda ha posto l\u2019accento sulle finalit\u00e0 della proroga dei termini: \u201cAbbiamo voluto accogliere le osservazioni pervenute in queste settimane dagli ordini pi\u00f9 coinvolti ma anche dalle Associazioni di categoria. Due gli obiettivi: aumentare i mesi in cui possiamo riconoscere il contributo e riuscire a favorire un\u2019ampia partecipazione con metodi semplici, mettendo tutti nelle condizioni di partecipare\u201d, ha spiegato l\u2019Assessore Zedda evidenziando l\u2019importanza del bando arrivato alla sue terza edizione, che verr\u00e0 aperto entro il mese di gennaio. \u201cDestinazione Sardegna Lavoro nasce per intervenire a sostegno della filiera turistica, nello specifico punta a favorire l\u2019occupazione stagionale e proprio per favorire la pi\u00f9 ampia partecipazione possibile abbiamo ampliato il periodo di beneficio, che sar\u00e0 portato come lo scorso anno da febbraio a dicembre ritenendo il 2021 ancora un anno difficile dal punto di vista della crisi generata dalla pandemia. Non solo - ha spiegato sempre l\u2019esponente della Giunta Solinas - Abbiamo anche ricompreso alcuni codici Ateco divenuti parte integrante delle attivit\u00e0 alberghiere, quelli riferiti alle pulizie e alla cura e manutenzione del verde, per esempio, e tutte le altre attivit\u00e0 correlate\u201d.<\/p>\n\n\n\n<p>Destinatarie dei fondi comunitari in questione sono quindi le imprese per le assunzioni effettuate a partire dal 1\u00b0 febbraio 2021 fino al 31 Dicembre 2021 che hanno riguardato giovani under 35 e disoccupati over 35. La modifica del bando interviene per garantire alle micro, piccole e medie imprese e alle grandi imprese lo stesso requisito di partenza e medesime condizioni per partecipare. Guardando allo specifico dei numeri, la quota totale del finanziamento \u00e8 di oltre 8 milioni (50% cofinanziato dall\u2019Unione Europea, il 30% dallo Stato, il restante dalla Regione), di cui 5 milioni e mezzo per le micro, piccole e medie imprese (a cui vanno i due terzi dell\u2019importo) e 2 milioni e 700 mila euro per le grandi imprese (un terzo). Agli under 35 sono destinate risorse per 3 milioni, agli over 35 disoccupati sono destinate risorse per quasi 5 milioni di euro.<\/p>\n\n\n\n<p>L\u2019Assessore del Lavoro ha anche dato garanzie rispetto ai tempi di erogazione, facendo riferimento anche agli altri strumenti di sostegno messi in campo per arginare gli effetti della crisi: \u201cOggi posso dire che stiamo pagando a regime cerando di coprire tutte le istanze ricevute. Continueremo a farlo anche con questo Avviso, con l\u2019obiettivo di sostenere concretamente le realt\u00e0 imprenditoriali sarde e favorire l\u2019occupazione. La Regione, anche in questo caso, si conferma il primo alleato delle imprese\u201d, ha concluso l\u2019esponente della Giunta Sarda. Com<\/p>\n","protected":false},"excerpt":{"rendered":"<p>Cagliari, 18 Gen 2022 \u2013\u00a0Pratiche pi\u00f9 snelle e ampliamento anche ai mesi spalla della possibilit\u00e0 di avere l\u2019aiuto economico regionale. Sono le due importanti novit\u00e0&#8230;<\/p>\n","protected":false},"author":2,"featured_media":215619,"comment_status":"closed","ping_status":"open","sticky":false,"template":"","format":"standard","meta":[],"categories":[49,52],"tags":[],"_links":{"self":[{"href":"https:\/\/www.cronacaonline.it\/index.php\/wp-json\/wp\/v2\/posts\/216520"}],"collection":[{"href":"https:\/\/www.cronacaonline.it\/index.php\/wp-json\/wp\/v2\/posts"}],"about":[{"href":"https:\/\/www.cronacaonline.it\/index.php\/wp-json\/wp\/v2\/types\/post"}],"author":[{"embeddable":true,"href":"https:\/\/www.cronacaonline.it\/index.php\/wp-json\/wp\/v2\/users\/2"}],"replies":[{"embeddable":true,"href":"https:\/\/www.cronacaonline.it\/index.php\/wp-json\/wp\/v2\/comments?post=216520"}],"version-history":[{"count":1,"href":"https:\/\/www.cronacaonline.it\/index.php\/wp-json\/wp\/v2\/posts\/216520\/revisions"}],"predecessor-version":[{"id":216521,"href":"https:\/\/www.cronacaonline.it\/index.php\/wp-json\/wp\/v2\/posts\/216520\/revisions\/216521"}],"wp:featuredmedia":[{"embeddable":true,"href":"https:\/\/www.cronacaonline.it\/index.php\/wp-json\/wp\/v2\/media\/215619"}],"wp:attachment":[{"href":"https:\/\/www.cronacaonline.it\/index.php\/wp-json\/wp\/v2\/media?parent=216520"}],"wp:term":[{"taxonomy":"category","embeddable":true,"href":"https:\/\/www.cronacaonline.it\/index.php\/wp-json\/wp\/v2\/categories?post=216520"},{"taxonomy":"post_tag","embeddable":true,"href":"https:\/\/www.cronacaonline.it\/index.php\/wp-json\/wp\/v2\/tags?post=216520"}],"curies":[{"name":"wp","href":"https:\/\/api.w.org\/{rel}","templated":true}]}}