{"id":216509,"date":"2022-01-18T15:27:52","date_gmt":"2022-01-18T14:27:52","guid":{"rendered":"https:\/\/www.cronacaonline.it\/?p=216509"},"modified":"2022-01-18T15:27:57","modified_gmt":"2022-01-18T14:27:57","slug":"consiglio-sardegna-commissione-autonomia-esprime-parere-favorevole-alla-manovra-finanziaria-2022-2024","status":"publish","type":"post","link":"https:\/\/www.cronacaonline.it\/index.php\/2022\/01\/18\/consiglio-sardegna-commissione-autonomia-esprime-parere-favorevole-alla-manovra-finanziaria-2022-2024\/","title":{"rendered":"Consiglio Sardegna &#8211; Commissione Autonomia esprime parere favorevole alla manovra finanziaria 2022-2024."},"content":{"rendered":"\n<p>Cagliari, 18 Gen 2022\u00a0\u2013 La commissione \u201cAutonomia e Riforme\u201d, presieduta dal vice presidente Diego Loi (Progressisti) ha dato parere favorevole, con osservazioni, sulle parti di competenza\u00a0la manovra finanziaria 2022-2024. Il via libera \u00e8 stato dato, questa mattina, a maggioranza, con l\u2019astensione dei consiglieri di minoranza, dopo l\u2019audizione dell\u2019assessora del Personale, Valeria Satta, e l\u2019assessore degli Enti locali, Quirico Sanna, che hanno illustrato le parti di competenza. L\u2019assessora Satta si \u00e8 soffermata sui commi 1,2 e3 dell\u2019articolo 9 che riguardano lo sblocco del turn over del personale dell\u2019agenzia Forestas. L\u2019articolo prevede uno stanziamento di 3 milioni annui. \u201c\u00c8 un\u2019urgenza che abbiamo segnalato gi\u00e0 dal 2019, - ha affermato Satta -\u00a0\u00a0ma ricordo che era necessaria prima la stabilizzazione dei 1161 precari, che \u00e8 avveduta, poi il transito dei 5000, che \u00e8 avvenuto, e ora c\u2019\u00e8 l\u2019urgenza del turn over di Forestas\u201d. L\u2019assessora ha ricordato che l\u2019et\u00e0 media \u00e8 di 56-58 anni e che, nei prossimi due anni, ci saranno molti pensionamenti e il personale sar\u00e0 quasi dimezzato. Il turn over \u00e8, quindi, fondamentale, ha continuato, per consentire all\u2019agenzia di non chiudere e di sostenere le\u00a0necessit\u00e0 dei territori.<\/p>\n\n\n\n<p>L\u2019assessore Sanna ha, poi, parlato delle parti della Finanziaria che riguardano gli enti locali e, in particolare, ha sottolineato che le risorse stanziate sono insufficienti e che \u00e8 necessario un incremento della dotazione. Sanna ha evidenziato che l\u2019assessorato ha in capo il funzionamento della macchina regionale e che gli aumenti dei beni e servizi creeranno problemi anche per la realizzazione di progetti gi\u00e0 approvati dai Comuni. Secondo la tabella fornita dalla direttora generale dell\u2019assessorato degli Enti locali, Valentina Flore, \u00e8 necessario un incremento di risorse di circa un milione di euro, di cui 650mila euro a favore delle compagnie barracellari, fondamentali per l\u2019attivit\u00e0 svolta nella lotta agli incendi, in particolare nei piccoli Comuni. Paolo Demuru, coordinatore del Settore dell\u2019assessorato degli Enti locali, ha ricordato i tanti ambiti di competenza dell\u2019assessorato che hanno comportato un aumento delle attivit\u00e0 di funzionamento: dai servizi comunali, alle compagnie barracellari, ma anche la programmazione comunitaria, la gestione del Portale Sardegna autonomia e il sostegno alle associazioni di enti locali. Demuru ha evidenziato che alcune voci di spesa devono essere modificate perch\u00e9 sono state previste con un calcolo al ribasso. In particolare sono stati stanziati 1,6 milioni in meno per le associazioni dei Comuni e 500mila per le compagnie barracellari. L\u2019assessore Sanna ha anche evidenziato la grave carenza di personale del suo Assessorato. Situazione confermata anche dall\u2019assessora Satta, la quale ha per\u00f2 spiegato che \u00e8 stato assunto tutto il personale disponibile nelle diverse graduatorie e che bisogner\u00e0 attendere i concorsi gi\u00e0 banditi. Satta ha anche elencato le altre richieste per le quali saranno necessari ulteriori stanziamenti: 700 mila euro per l\u2019adeguamento al lavoro agile, l\u2019inserimento dell\u2019indennit\u00e0 per il Direttore delle operazioni di spegnimento (DOS), il rifinanziamento del bando per la videosorveglianza, un fondo per interventi di innovazione tecnologica nei comuni, garantire una connessione internet nel Comuni con meno di 500 abitanti, anche come azione di contrasto allo spopolamento.<\/p>\n\n\n\n<p>Nel corso della seduta sono intervenuti i consiglieri Giovanni Satta (Psd\u2019Az) che ha annunciato un emendamento per incrementare le risorse destinate al turn over di Forestas e per le attivit\u00e0 dell\u2019Agenzia, Michele Ennas (Lega), Alfonso Marras (Psd\u2019Az).&nbsp;&nbsp;Il vice presidente Loi ha chiesto all\u2019assessora Satta di far pervenire alla commissione un quadro chiaro della situazione del personale di Forestas, anche con la previsione dei prossimi pensionamenti. Com<\/p>\n","protected":false},"excerpt":{"rendered":"<p>Cagliari, 18 Gen 2022\u00a0\u2013 La commissione \u201cAutonomia e Riforme\u201d, presieduta dal vice presidente Diego Loi (Progressisti) ha dato parere favorevole, con osservazioni, sulle parti di&#8230;<\/p>\n","protected":false},"author":2,"featured_media":178954,"comment_status":"closed","ping_status":"open","sticky":false,"template":"","format":"standard","meta":[],"categories":[49,52],"tags":[],"_links":{"self":[{"href":"https:\/\/www.cronacaonline.it\/index.php\/wp-json\/wp\/v2\/posts\/216509"}],"collection":[{"href":"https:\/\/www.cronacaonline.it\/index.php\/wp-json\/wp\/v2\/posts"}],"about":[{"href":"https:\/\/www.cronacaonline.it\/index.php\/wp-json\/wp\/v2\/types\/post"}],"author":[{"embeddable":true,"href":"https:\/\/www.cronacaonline.it\/index.php\/wp-json\/wp\/v2\/users\/2"}],"replies":[{"embeddable":true,"href":"https:\/\/www.cronacaonline.it\/index.php\/wp-json\/wp\/v2\/comments?post=216509"}],"version-history":[{"count":1,"href":"https:\/\/www.cronacaonline.it\/index.php\/wp-json\/wp\/v2\/posts\/216509\/revisions"}],"predecessor-version":[{"id":216510,"href":"https:\/\/www.cronacaonline.it\/index.php\/wp-json\/wp\/v2\/posts\/216509\/revisions\/216510"}],"wp:featuredmedia":[{"embeddable":true,"href":"https:\/\/www.cronacaonline.it\/index.php\/wp-json\/wp\/v2\/media\/178954"}],"wp:attachment":[{"href":"https:\/\/www.cronacaonline.it\/index.php\/wp-json\/wp\/v2\/media?parent=216509"}],"wp:term":[{"taxonomy":"category","embeddable":true,"href":"https:\/\/www.cronacaonline.it\/index.php\/wp-json\/wp\/v2\/categories?post=216509"},{"taxonomy":"post_tag","embeddable":true,"href":"https:\/\/www.cronacaonline.it\/index.php\/wp-json\/wp\/v2\/tags?post=216509"}],"curies":[{"name":"wp","href":"https:\/\/api.w.org\/{rel}","templated":true}]}}