{"id":216461,"date":"2022-01-17T09:56:32","date_gmt":"2022-01-17T08:56:32","guid":{"rendered":"https:\/\/www.cronacaonline.it\/?p=216461"},"modified":"2022-01-17T09:56:34","modified_gmt":"2022-01-17T08:56:34","slug":"covid-il-governo-apre-alle-richieste-delle-regioni","status":"publish","type":"post","link":"https:\/\/www.cronacaonline.it\/index.php\/2022\/01\/17\/covid-il-governo-apre-alle-richieste-delle-regioni\/","title":{"rendered":"Covid, il Governo apre alle richieste delle Regioni."},"content":{"rendered":"\n<p>Roma, 17 Gen 2022 - Uno spiraglio per la \"riconsiderazione\" del sistema dei colori per le Regioni e, in attesa di indagini e osservazioni, l'eventuale ipotesi che in futuro \"la quarta dose potrebbe riguardare i fragili\". Anche se ancora lontani, si aprono nuovi scenari in vista della discesa delle curva di Omicron. Il presidente del Consiglio superiore di sanit\u00e0, Franco Locatelli, guarda alle strategie per il prossimo futuro mentre il Governo riapre il dialogo con i governatori, che chiedono modifiche sul conteggio dei ricoveri da Covid e - vista l'introduzione del Super Pass estesa nei vari ambiti sociali ed economici del Paese - di mandare in soffitta il sistema di assegnazione dei colori.<\/p>\n\n\n\n<p>\"E' chiaro che nelle prossime settimane dovremo aprire un confronto con le Regioni e nelle prossime ore apriremo un tavolo tecnico per affrontare le questioni che hanno proposto\", spiega&nbsp;lo stesso ministro della Salute, Roberto Speranza.<\/p>\n\n\n\n<p>Sul breve periodo intanto sono gi\u00e0 annunciate novit\u00e0 in arrivo. Dal prossimo mese si entra con il certificato verde, base o rafforzato, ovunque eccetto che in supermercati, alimentari, ospedali e farmacie. E al momento resta un punto interrogativo sui negozi di intimo, edicole e tabaccai. Con le somministrazioni dei vaccini che prendono il volo - dall'introduzione dell'obbligo per gli over 50 sono state quasi 700mila le prime dosi - il Governo \u00e8 pronto a modificare entro i prossimi 15 giorni le regole sul conteggio dei ricoveri da Covid. Prima ancora, la prossima settimana, si appresta a stilare la lista definitiva delle uniche attivit\u00e0 ancora aperte a persone senza tampone, n\u00e9 siero, ovvero quelle sprovviste di Green pass. Il provvedimento - sotto forma di Dpcm - potrebbe arrivare in vista del prossimo Consiglio dei ministri e servir\u00e0 a chiarire quanto contenuto nell'ultimo decreto anti-Covid, secondo cui il lasciapassare 'base' sar\u00e0 necessario dal primo febbraio anche in uffici pubblici, servizi postali, banche e attivit\u00e0 commerciali, ad esclusione dei servizi \"necessari per assicurare il soddisfacimento di esigenze essenziali e primarie della persona\".<\/p>\n\n\n\n<p>Nei prossimi mesi, invece, non si esclude che per i fragili sia necessaria la quarta dose del vaccino. \"Solo i tempi di osservazioni e indagini ben condotte ci diranno se ci sar\u00e0 la necessit\u00e0 di fare ulteriori booster ogni 4 mesi. Semmai il discorso sulla quarta dose potrebbe riguardare i fragili\", spiega il presidente del Consiglio superiore di sanit\u00e0, Franco Locatelli, per il quale un vaccino specifico contro Omicron avrebbe assolutamente senso. E sui test fai-da-te per inizio e fine quarantena da Covid, cos\u00ec come annunciato in Emilia Romagna, chiarisce: \"E' considerabile esplorare strategie di tracciamento, ma nell'ambito di sperimentazioni ben controllate\". La \"riconsiderazione\" del sistema di colorazione delle Regioni, invocato dai governatori nelle ultime ore, \u00e8 invece \"nella logica delle cose\" - aggiunge Locatelli - perch\u00e9 questo metodo \"\u00e8 stato elaborato dal ministero della Salute in accordo con le Regioni in un'epoca diversa\".<\/p>\n\n\n\n<p>Gli ultimi provvedimenti dell'Esecutivo gi\u00e0 entrati in vigore, invece, cominciano a dare effetti. Riprendono quota le prime dosi: ieri ne sono state effettuate quasi 92mila, il dato pi\u00f9 alto dall'inizio della quarta ondata. E da quando, lo scorso 7 gennaio, \u00e8 stato annunciato l'obbligo di vaccino per gli over 50 e del super pass per lavorare, sono state fatte in Italia quasi 685mila prime dosi. Prima del record stabilito ieri con quasi 92mila somministrazioni, il giorno con pi\u00f9 vaccinazioni \u00e8 stato l'8 gennaio, quando il decreto \u00e8 stato pubblicato in Gazzetta: poco pi\u00f9 di 82mila prime dosi in 24 ore. Numeri che puntano ad alzare oltre il 90% la percentuale degli immunizzati, per correre ai ripari contro un virus mutato e sempre pi\u00f9 rapido: \"Omicron raggiunger\u00e0 tutti, non c'\u00e8 scampo - avverte Sileri - Non c'\u00e8 dubbio che entro la fine del 2022, salvo che arrivi un'altra variante, quasi tutta la popolazione avr\u00e0 incontrato questa variante. Chi \u00e8 vaccinato sar\u00e0 pi\u00f9 protetto e potr\u00e0 avere probabilmente una forma pi\u00f9 leggera\".<\/p>\n","protected":false},"excerpt":{"rendered":"<p>Roma, 17 Gen 2022 &#8211; Uno spiraglio per la &#8220;riconsiderazione&#8221; del sistema dei colori per le Regioni e, in attesa di indagini e osservazioni, l&#8217;eventuale&#8230;<\/p>\n","protected":false},"author":2,"featured_media":210706,"comment_status":"closed","ping_status":"open","sticky":false,"template":"","format":"standard","meta":[],"categories":[49,50],"tags":[],"_links":{"self":[{"href":"https:\/\/www.cronacaonline.it\/index.php\/wp-json\/wp\/v2\/posts\/216461"}],"collection":[{"href":"https:\/\/www.cronacaonline.it\/index.php\/wp-json\/wp\/v2\/posts"}],"about":[{"href":"https:\/\/www.cronacaonline.it\/index.php\/wp-json\/wp\/v2\/types\/post"}],"author":[{"embeddable":true,"href":"https:\/\/www.cronacaonline.it\/index.php\/wp-json\/wp\/v2\/users\/2"}],"replies":[{"embeddable":true,"href":"https:\/\/www.cronacaonline.it\/index.php\/wp-json\/wp\/v2\/comments?post=216461"}],"version-history":[{"count":1,"href":"https:\/\/www.cronacaonline.it\/index.php\/wp-json\/wp\/v2\/posts\/216461\/revisions"}],"predecessor-version":[{"id":216462,"href":"https:\/\/www.cronacaonline.it\/index.php\/wp-json\/wp\/v2\/posts\/216461\/revisions\/216462"}],"wp:featuredmedia":[{"embeddable":true,"href":"https:\/\/www.cronacaonline.it\/index.php\/wp-json\/wp\/v2\/media\/210706"}],"wp:attachment":[{"href":"https:\/\/www.cronacaonline.it\/index.php\/wp-json\/wp\/v2\/media?parent=216461"}],"wp:term":[{"taxonomy":"category","embeddable":true,"href":"https:\/\/www.cronacaonline.it\/index.php\/wp-json\/wp\/v2\/categories?post=216461"},{"taxonomy":"post_tag","embeddable":true,"href":"https:\/\/www.cronacaonline.it\/index.php\/wp-json\/wp\/v2\/tags?post=216461"}],"curies":[{"name":"wp","href":"https:\/\/api.w.org\/{rel}","templated":true}]}}