{"id":216453,"date":"2022-01-16T16:33:53","date_gmt":"2022-01-16T15:33:53","guid":{"rendered":"https:\/\/www.cronacaonline.it\/?p=216453"},"modified":"2022-01-16T16:33:55","modified_gmt":"2022-01-16T15:33:55","slug":"anche-il-presidente-della-camera-roberto-fico-boccia-la-candidatura-del-re-del-bunga-bunga-per-il-quirinale-serve-un-profilo-di-alta-moralita-aderente-alla-costituzione","status":"publish","type":"post","link":"https:\/\/www.cronacaonline.it\/index.php\/2022\/01\/16\/anche-il-presidente-della-camera-roberto-fico-boccia-la-candidatura-del-re-del-bunga-bunga-per-il-quirinale-serve-un-profilo-di-alta-moralita-aderente-alla-costituzione\/","title":{"rendered":"Anche il presidente della Camera Roberto Fico boccia la candidatura del re del \u2018Bunga bunga\u2019: per il Quirinale &#8220;serve un profilo di alta moralit\u00e0, aderente alla Costituzione&#8221;."},"content":{"rendered":"\n<p>Roma, 16 Gen 2022 - \"Il mio auspicio \u00e8 che entro il 3 febbraio ci sar\u00e0 il presidente della Repubblica\", ci\u00f2 detto \"spero che tutte le forze politiche abbiano fino in fondo la responsabilit\u00e0, come \u00e8 stato in questi due anni, per arrivare a un nome il pi\u00f9 possibile condiviso\". Cos\u00ec\u00a0Roberto Fico, presidente della Camera, a Mezz'ora in pi\u00f9 su Rai3. E aggiunge: \"Mi sembrerebbe in questa fase arrivare oltre il 3 febbraio un po' sui generis. Io spero di no perch\u00e9 ci sono tante votazioni. Si vota ad oltranza\".<\/p>\n\n\n\n<p>\"Dal 24 gennaio ogni votazione pu\u00f2 essere quella buona e non vedo nessun impatto sulla situazione politica. Il profilo del presidente della Repubblica deve rispondere a un profilo di alta moralit\u00e0 - dice ancora Fico - aderente alla nostra Costituzione, aderente ai valori e principi forti che rappresentano il nostro paese. Credo che un Presidente debba essere ancorato alla nostra grande Repubblica, a volte bistrattata troppo. Ce ne sono molti che rispondono a questo profilo\".&nbsp;<\/p>\n\n\n\n<p>Il presidente della Camera poi spiega: \"Ci teniamo che al giuramento possano essere tutti in Aula quindi saranno tutti tamponati con tampone rapido di ultima generazione che faremo tutti prima di entrare alla Camera\".&nbsp;\"Per me \u00e8 una grandissima responsabilit\u00e0. In questi due anni il Parlamento \u00e8 stato sempre aperto e sar\u00e0 cos\u00ec anche per l'elezione del capo dello Stato - prosegue - Stiamo completando i protocolli di sicurezza. Si partir\u00e0 dai senatori a vita, le votazioni saranno con blocchi da 50''.<\/p>\n\n\n\n<p>Questa volta non ci saranno i 'catafalchi' ma \"una cabina un po' pi\u00f9 grande che \u00e8 maggiormente sanificabile e pi\u00f9 sicura. Nessuna tendina ma un po' pi\u00f9 cabina elettorale\", spiega.<\/p>\n\n\n\n<p>Sulla questione dei deputati e senatori positivi che non potranno votare per l'elezione del presidente della Repubblica, \"avremo anche domani una conferenza dei capigruppo, \u00e8 un tema sul tavolo\", detto il presidente della Camera. Ma al momento le regole sono chiare, ha spiegato: \"i positivi in questo momento a norma di legge e per le ordinanze e i protocolli che ci sono non possono votare\".<\/p>\n\n\n\n<p>\"Nessuna violazione di procedura o violazione costituzionale. Stiamo vivendo una emergenza sanitaria dove un positivo non pu\u00f2 muoversi da un domicilio, in questo momento l'emergenza sanitaria \u00e8 conclamata, importante, non dobbiamo dare messaggi sbagliati alla cittadinanza\", ha affermato Fico.<\/p>\n\n\n\n<p>&nbsp;Al momento alla Camera ci sono 29 positivi \"con una curva in discesa\", ha riferito il presidente Fico, \"al Senato credo potrebbero essere tra i 6 e gli 8, non conosco il numero preciso\". Quanto ai no vax, alla Camera \"al momento si pu\u00f2 entrare con il tampone e votare\".<\/p>\n\n\n\n<p>Il presidente della Camera poi - durante l'intervista con Lucia Annunziata - ha ricordato la figura del presidente del Parlamento europeo, scomparso l'11 gennaio e i cui funerali di stato si sono tenuti venerd\u00ec scorso nella Capitale: \"Ho un bellissimo ricordo di David Sassoli rispetto alla sua umanit\u00e0 e capacit\u00e0 politica di fare relazioni giuste per il bene comune\", ha detto.&nbsp;<\/p>\n","protected":false},"excerpt":{"rendered":"<p>Roma, 16 Gen 2022 &#8211; &#8220;Il mio auspicio \u00e8 che entro il 3 febbraio ci sar\u00e0 il presidente della Repubblica&#8221;, ci\u00f2 detto &#8220;spero che tutte&#8230;<\/p>\n","protected":false},"author":2,"featured_media":216125,"comment_status":"closed","ping_status":"open","sticky":false,"template":"","format":"standard","meta":[],"categories":[49,50],"tags":[],"_links":{"self":[{"href":"https:\/\/www.cronacaonline.it\/index.php\/wp-json\/wp\/v2\/posts\/216453"}],"collection":[{"href":"https:\/\/www.cronacaonline.it\/index.php\/wp-json\/wp\/v2\/posts"}],"about":[{"href":"https:\/\/www.cronacaonline.it\/index.php\/wp-json\/wp\/v2\/types\/post"}],"author":[{"embeddable":true,"href":"https:\/\/www.cronacaonline.it\/index.php\/wp-json\/wp\/v2\/users\/2"}],"replies":[{"embeddable":true,"href":"https:\/\/www.cronacaonline.it\/index.php\/wp-json\/wp\/v2\/comments?post=216453"}],"version-history":[{"count":1,"href":"https:\/\/www.cronacaonline.it\/index.php\/wp-json\/wp\/v2\/posts\/216453\/revisions"}],"predecessor-version":[{"id":216454,"href":"https:\/\/www.cronacaonline.it\/index.php\/wp-json\/wp\/v2\/posts\/216453\/revisions\/216454"}],"wp:featuredmedia":[{"embeddable":true,"href":"https:\/\/www.cronacaonline.it\/index.php\/wp-json\/wp\/v2\/media\/216125"}],"wp:attachment":[{"href":"https:\/\/www.cronacaonline.it\/index.php\/wp-json\/wp\/v2\/media?parent=216453"}],"wp:term":[{"taxonomy":"category","embeddable":true,"href":"https:\/\/www.cronacaonline.it\/index.php\/wp-json\/wp\/v2\/categories?post=216453"},{"taxonomy":"post_tag","embeddable":true,"href":"https:\/\/www.cronacaonline.it\/index.php\/wp-json\/wp\/v2\/tags?post=216453"}],"curies":[{"name":"wp","href":"https:\/\/api.w.org\/{rel}","templated":true}]}}