{"id":216448,"date":"2022-01-16T08:16:48","date_gmt":"2022-01-16T07:16:48","guid":{"rendered":"https:\/\/www.cronacaonline.it\/?p=216448"},"modified":"2022-01-16T10:21:17","modified_gmt":"2022-01-16T09:21:17","slug":"respinto-il-ricorso-del-tennista-djokovic-sara-espulso-dallaustralia","status":"publish","type":"post","link":"https:\/\/www.cronacaonline.it\/index.php\/2022\/01\/16\/respinto-il-ricorso-del-tennista-djokovic-sara-espulso-dallaustralia\/","title":{"rendered":"Respinto il ricorso del tennista Djokovic: sar\u00e0 espulso dall&#8217;Australia."},"content":{"rendered":"\n<p>Cagliari, 16 Gen 2022 - La Corte Federale australiana ha&nbsp;confermato la cancellazione del visto di Novak Djokovic. Il tennista&nbsp;serbo ha perso l'appello contro la decisione del ministro&nbsp;dell'Immigrazione Hawke e dovr\u00e0 lasciare l'Australia. Il tribunale ha&nbsp;respinto il ricorso all'unanimit\u00e0 da parte dei tre giudici. Djokovic&nbsp;quindi non potr\u00e0 partecipare agli Australian Open che si aprono&nbsp;domani. Il campione serbo \u00e8 stato anche condannato a pagare le spese&nbsp;processuali.<\/p>\n\n\n\n<p>\"Sono estremamente deluso&nbsp;dalla decisione della Corte federale\". E' il commento a caldo di Djokovic. \"Rispetto la sentenza della Corte e collaborer\u00f2 con le autorit\u00e0 competenti in merito alla mia partenza dal Paese\".<\/p>\n\n\n\n<p>\"Ora mi prender\u00f2 un po' di tempo per riposarmi e riprendermi\", ha aggiunto Djokovic in un comunicato affidato ai media.&nbsp;&nbsp;<\/p>\n\n\n\n<p>La decisione della Corte, \"significa che non posso rimanere in Australia e partecipare agli Australian Open\".<\/p>\n\n\n\n<p>\"Mi sento a disagio per il fatto che l'attenzione delle ultime settimane sia stata su di me e spero che ora possiamo concentrarci tutti sul gioco e sul torneo che amo. Vorrei augurare ai giocatori, ai funzionari del torneo, allo staff, ai volontari e ai fan tutt oil meglio per il torneo\".&nbsp;<\/p>\n\n\n\n<p>\"Infine, vorrei ringraziare la mia famiglia, i miei amici, la mia squadra, i tifosi e i miei compagni serbi per il vostro continuo supporto. Siete stati tutti una grande fonte di forza per me\", conclude.<\/p>\n\n\n\n<p>Sar\u00e0 l'italiano&nbsp;Salvatore Caruso, 28anni, di Avola (Siracusa) a giocare al primo turno degli Australian Open al posto di Novak Djokovic. Caruso, dunque \u00e8 il cosiddetto 'lucky loser' cio\u00e8 \u00e8 stato ripescato dall'Atp per giocare al primo turno della competizione.<\/p>\n","protected":false},"excerpt":{"rendered":"<p>Cagliari, 16 Gen 2022 &#8211; La Corte Federale australiana ha&nbsp;confermato la cancellazione del visto di Novak Djokovic. Il tennista&nbsp;serbo ha perso l&#8217;appello contro la decisione&#8230;<\/p>\n","protected":false},"author":2,"featured_media":216400,"comment_status":"closed","ping_status":"open","sticky":false,"template":"","format":"standard","meta":[],"categories":[49,50],"tags":[],"_links":{"self":[{"href":"https:\/\/www.cronacaonline.it\/index.php\/wp-json\/wp\/v2\/posts\/216448"}],"collection":[{"href":"https:\/\/www.cronacaonline.it\/index.php\/wp-json\/wp\/v2\/posts"}],"about":[{"href":"https:\/\/www.cronacaonline.it\/index.php\/wp-json\/wp\/v2\/types\/post"}],"author":[{"embeddable":true,"href":"https:\/\/www.cronacaonline.it\/index.php\/wp-json\/wp\/v2\/users\/2"}],"replies":[{"embeddable":true,"href":"https:\/\/www.cronacaonline.it\/index.php\/wp-json\/wp\/v2\/comments?post=216448"}],"version-history":[{"count":2,"href":"https:\/\/www.cronacaonline.it\/index.php\/wp-json\/wp\/v2\/posts\/216448\/revisions"}],"predecessor-version":[{"id":216450,"href":"https:\/\/www.cronacaonline.it\/index.php\/wp-json\/wp\/v2\/posts\/216448\/revisions\/216450"}],"wp:featuredmedia":[{"embeddable":true,"href":"https:\/\/www.cronacaonline.it\/index.php\/wp-json\/wp\/v2\/media\/216400"}],"wp:attachment":[{"href":"https:\/\/www.cronacaonline.it\/index.php\/wp-json\/wp\/v2\/media?parent=216448"}],"wp:term":[{"taxonomy":"category","embeddable":true,"href":"https:\/\/www.cronacaonline.it\/index.php\/wp-json\/wp\/v2\/categories?post=216448"},{"taxonomy":"post_tag","embeddable":true,"href":"https:\/\/www.cronacaonline.it\/index.php\/wp-json\/wp\/v2\/tags?post=216448"}],"curies":[{"name":"wp","href":"https:\/\/api.w.org\/{rel}","templated":true}]}}