{"id":216402,"date":"2022-01-14T08:55:19","date_gmt":"2022-01-14T07:55:19","guid":{"rendered":"https:\/\/www.cronacaonline.it\/?p=216402"},"modified":"2022-01-14T08:55:21","modified_gmt":"2022-01-14T07:55:21","slug":"covid-calano-i-casi-ma-e-atteso-il-picco-in-5-10-giorni-conta-dei-positivi-includere-gli-asintomatici","status":"publish","type":"post","link":"https:\/\/www.cronacaonline.it\/index.php\/2022\/01\/14\/covid-calano-i-casi-ma-e-atteso-il-picco-in-5-10-giorni-conta-dei-positivi-includere-gli-asintomatici\/","title":{"rendered":"Covid &#8211; Calano i casi, ma \u00e8 atteso il picco in 5-10 giorni. Conta dei positivi: &#8220;Includere gli asintomatici&#8221;."},"content":{"rendered":"\n<p>Roma, 14 Gen 2022 - Per il secondo giorno consecutivo\u00a0cala il numero dei nuovi positivi\u00a0al virus Sars CoV 2, che nelle ultime 24 ore sono stati 184.615 rispetto ai 196.224 del giorno precedente. Ed anche il dato giornaliero sulle terapie intensive indica una sostanziale stabilit\u00e0, anche se\u00a0crescono i ricoveri\u00a0in una settimana. Un primo rallentamento, dunque, in attesa del picco dei casi che, secondo gli esperti, si raggiunger\u00e0 nell'arco di 5-10 giorni. Nel frattempo numerosi comuni passano dal giallo all'arancione, il colore che fa riferimento al numero di positivi.<\/p>\n\n\n\n<p>Il&nbsp;bollettino quotidiano&nbsp;del ministero della Salute segnala un calo di&nbsp;contagi nelle 24 ore&nbsp;a fronte, tuttavia, di un&nbsp;aumento dei decessi, pari a 316 rispetto ai 313 di ieri, che resta tuttavia l'ultimo indicatore a risentire di una eventuale discesa. Pressoch\u00e9&nbsp;stabile il numero di tamponi molecolari e antigenici&nbsp;pari a 1.181.179 contro 1.190.567 del giorno precedente. Il tasso di positivit\u00e0 \u00e8 al 15,6%, in calo rispetto al 16% di ieri. Quanto alle ospedalizzazioni, sono 1.668 i pazienti in terapia intensiva, uno in meno nel saldo tra entrate e uscite. Gli ingressi giornalieri sono 156, lo stesso numero di ieri. I ricoverati con sintomi nei reparti ordinari sono invece 17.648, ovvero 339 in pi\u00f9 rispetto a ieri.&nbsp;Da parte sua, l'Agenzia nazionale per i servizi sanitari regionali Agenas rileva che \u00e8 stabile al 18%, in Italia, la percentuale di terapie intensiva occupate da pazienti Covid, ma cala in 8 regioni. \u00c8 stabile al 27% anche la percentuale di posti nei reparti di area non critica occupati da pazienti Covid, ma in 24 ore, rileva sempre Agenas, cresce in 9 regioni.<\/p>\n\n\n\n<p>Il&nbsp;quadro su base settimanale&nbsp;desta ancora preoccupazione, secondo il monitoraggio indipendente della Fondazione Gimbe. Dal 5 all'11 gennaio, afferma la Fondazione, continua a crescere la pressione sugli ospedali sia nei reparti d\u2019area medica che nelle intensive\". Salgono infatti del 31% i ricoveri di pazienti Covid-19 con sintomi e del 20,5% le terapie intensive. Ma a crescere del 35,4% sono anche i decessi. Ed il sovraccarico degli ospedali, avverte Gimbe, \"comporta il rinvio della cura di altre malattie\". Inoltre, sempre nella settimana 5-11 gennaio si rileva un aumento del 49% dei nuovi casi di Covid, che sono stati un milione e 207.689 rispetto agli 810.535 della settimana precedente.<\/p>\n\n\n\n<p>Intanto&nbsp;si guarda al picco, momento a partire dal quale si dovrebbe assistere a un decremento della curva. Secondo il matematico Giovanni Sebastiani, dell'Istituto per le Applicazioni del Calcolo 'M. Picone', del Consiglio Nazionale delle Ricerche (Cnr), \"fra 5-10 giorni si prevede il picco dell'incidenza dei positivi totali\", ossia dei positivi sia ai test molecolari che agli antigenici rapidi, mentre a livello regionale \"i dati confermano il raggiungimento del picco dei positivi totali in Toscana e Umbria, e sono quasi al picco Abruzzo e Lombardia\".<\/p>\n\n\n\n<p>Anche Roberto Battiston, docente di Fisica all'Universit\u00e0 di Trento, dove \u00e8 coordinatore dell'Osservatorio epidemiologico, in un'intervista a 'La Repubblica' ha affrontato l'emergenza picco: \"Pu\u00f2 sembrare incredibile, ma&nbsp;l'indice Rt sta precipitando verso 1&nbsp;e il picco di infetti attivi in Italia potrebbe arrivare la prossima settimana. La fiammata di infetti iniziata poco prima di Natale potrebbe raggiungere il massimo entro una settimana e poi scendere\". Il raggiungimento del picco significa emergenza finita? \"Assolutamente no, siamo nel pieno di una pandemia, i numeri sono e rimarranno alti per un po'\", prosegue Battiston. \"Rischiamo di arrivare a Rt uguale a 1 con pi\u00f9 di 2,5 milioni di italiani colpiti in quarantena. E su questi numeri - conclude - basta una piccolissima percentuale di casi gravi per mandare in tilt le terapie intensive e gli ospedali in generale\".<\/p>\n\n\n\n<p>In merito alla vaccinazione, l'ultimo Report dell'Alta Scuola di Economia e Management dei Sistemi Sanitari dell'Universit\u00e0 Cattolica di Roma Altems quantifica il&nbsp;costo imputabile alle mancate somministrazioni: 143 milioni di euro in un mese. Un dato che emerge dall'analisi dell'impatto delle mancate vaccinazioni in Italia, sia per ciclo completo sia per la dose booster, sul volume di ricoveri e giornate di terapia intensiva. Nel dettaglio,&nbsp;il 90% dei non vaccinati ospedalizzati non avrebbe avuto bisogno del ricovero&nbsp;in Area Medica se avesse fatto il vaccino. Tra i degenti in terapia intensiva non vaccinati, il 94% avrebbe evitato il ricovero in Area Critica.<\/p>\n\n\n\n<p>\"Il vaccino fa la differenza\" sostiene l'epidemiologo Pier Luigi Lopalco, professore ordinario di Igiene all'universit\u00e0 del Salento, affrontando anche l'argomento sul bollettino quotidiano dei contagi (e decessi). Serve davvero o non serve? \"Dal punto di vista scientifico - spiega Lopalco - noi abbiamo messo su un sistema di sorveglianza epidemiologica basato&nbsp;sulla conta dei positivi, in base ai test che risultano positivi. Non solo, ma nel momento in cui&nbsp;un positivo entra nel sistema viene fatto un follow-up, si dichiara se \u00e8 asintomatico, se ha una forma lieve, grave, severa di malattia. Si segue evoluzione, se va in terapia intensiva. C'\u00e8 tutto un sistema rodato che misura l'andamento della pandemia e con la quale l'abbiamo monitorata finora, non lo possiamo abbandonare, non avrebbe senso. Invece il bollettino giornaliero lascia il tempo che trova\".<\/p>\n\n\n\n<p>Anzi forse \u00e8 diventato, secondo Lopalco, nocivo: \"Durante questa ondata Omicron c'\u00e8 stato un paradosso: io&nbsp;vedo la gente pi\u00f9 spaventata oggi di un anno fa ed \u00e8 assurdo. Un anno fa c'era da avere paura con l'arrivo della variante inglese prima e con Delta dopo. Invece io vedo le persone prese dal panico forse perch\u00e9 interpretano i numeri dati con il bollettino quotidiano utilizzando la stessa lente che si utilizzava un anno fa; ovvero se un anno fa con quei numeri era tutto chiuso, adesso che sono 10 volte tanti. Oggi invece, non bisogna aver paura perch\u00e9 abbiamo il 90% di persone vaccinate, \u00e8 un'altra epidemia. \u00c8 completamente diverso essere positivo oggi vaccinato, specie con tre&nbsp;dosi di vaccino. L'anno scorso - confida Lopalco - se mi fossi trovato un tampone positivo mi sarebbero tremate le gambe, oggi, con tre dosi, se sono positivo me ne sto a casa un po' ma sicuramente non mi fa paura un'infezione\".<\/p>\n\n\n\n<p>Con il crescente dibattito su quanto sia giusto il bollettino giornaliero e sulla necessit\u00e0 delle Regioni di non&nbsp;conteggiare gli asintomatici positivi, l'Istituto Superiore di Sanit\u00e0 ha rilasciato un nota: \"L'importanza di monitorare i casi attraverso la sorveglianza non va confusa con i criteri con cui si decidono le indicazioni per casi e contatti\", pertanto la sorveglianza \"dovrebbe includere&nbsp;tutti i positivi, e non solo i casi con sintomatologia pi\u00f9 indicativa di Covid-19, quali sintomi respiratori, febbre elevata, alterazione gusto e olfatto etc\". Lo evidenzia nelle Faq pubblicate sul proprio sito l'Istituto superiore della Sanit\u00e0, sottolineando che \"la maggior parte delle infezioni, in particolare nei soggetti vaccinati, decorre in maniera asintomatica o con sintomatologia molto sfumata. Non sorvegliare questi casi, limiterebbe la nostra capacit\u00e0 di identificare le varianti emergenti, le loro caratteristiche e non potremmo conoscere lo stato clinico che consegue all'infezione nelle diverse popolazioni (esempio per et\u00e0, stato vaccinale, comorbidit\u00e0)\".<\/p>\n","protected":false},"excerpt":{"rendered":"<p>Roma, 14 Gen 2022 &#8211; Per il secondo giorno consecutivo\u00a0cala il numero dei nuovi positivi\u00a0al virus Sars CoV 2, che nelle ultime 24 ore sono&#8230;<\/p>\n","protected":false},"author":2,"featured_media":216211,"comment_status":"closed","ping_status":"open","sticky":false,"template":"","format":"standard","meta":[],"categories":[49,50],"tags":[],"_links":{"self":[{"href":"https:\/\/www.cronacaonline.it\/index.php\/wp-json\/wp\/v2\/posts\/216402"}],"collection":[{"href":"https:\/\/www.cronacaonline.it\/index.php\/wp-json\/wp\/v2\/posts"}],"about":[{"href":"https:\/\/www.cronacaonline.it\/index.php\/wp-json\/wp\/v2\/types\/post"}],"author":[{"embeddable":true,"href":"https:\/\/www.cronacaonline.it\/index.php\/wp-json\/wp\/v2\/users\/2"}],"replies":[{"embeddable":true,"href":"https:\/\/www.cronacaonline.it\/index.php\/wp-json\/wp\/v2\/comments?post=216402"}],"version-history":[{"count":1,"href":"https:\/\/www.cronacaonline.it\/index.php\/wp-json\/wp\/v2\/posts\/216402\/revisions"}],"predecessor-version":[{"id":216403,"href":"https:\/\/www.cronacaonline.it\/index.php\/wp-json\/wp\/v2\/posts\/216402\/revisions\/216403"}],"wp:featuredmedia":[{"embeddable":true,"href":"https:\/\/www.cronacaonline.it\/index.php\/wp-json\/wp\/v2\/media\/216211"}],"wp:attachment":[{"href":"https:\/\/www.cronacaonline.it\/index.php\/wp-json\/wp\/v2\/media?parent=216402"}],"wp:term":[{"taxonomy":"category","embeddable":true,"href":"https:\/\/www.cronacaonline.it\/index.php\/wp-json\/wp\/v2\/categories?post=216402"},{"taxonomy":"post_tag","embeddable":true,"href":"https:\/\/www.cronacaonline.it\/index.php\/wp-json\/wp\/v2\/tags?post=216402"}],"curies":[{"name":"wp","href":"https:\/\/api.w.org\/{rel}","templated":true}]}}