{"id":216364,"date":"2022-01-13T07:58:01","date_gmt":"2022-01-13T06:58:01","guid":{"rendered":"https:\/\/www.cronacaonline.it\/?p=216364"},"modified":"2022-01-13T07:58:02","modified_gmt":"2022-01-13T06:58:02","slug":"sassoli-via-libera-dal-consiglio-dei-ministri-ai-funerali-di-stato-oggi-allestimento-camera-ardente-in-campidoglio","status":"publish","type":"post","link":"https:\/\/www.cronacaonline.it\/index.php\/2022\/01\/13\/sassoli-via-libera-dal-consiglio-dei-ministri-ai-funerali-di-stato-oggi-allestimento-camera-ardente-in-campidoglio\/","title":{"rendered":"Sassoli, via libera dal Consiglio dei ministri ai funerali di Stato: oggi allestimento camera ardente in Campidoglio."},"content":{"rendered":"\n<p>Roma, 13 Gen 2022 - Via libera del Consiglio dei ministri alla delibera dei funerali di Stato per il Presidente del Parlamento europeo, David Sassoli. L'apertura al pubblico della Camera ardente nella Sala della Protomoteca in Campidoglio \u00e8 prevista per questa mattina alle ore 10,30.<\/p>\n\n\n\n<p>A celebrare le esequie - venerd\u00ec alle 12 nella chiesa romana di Santa Maria degli Angeli - sar\u00e0 il cardinale arcivescovo di Bologna Matteo Zuppi, amico di giovent\u00f9 di Sassoli. Lo riferisce la stessa diocesi di Bologna. L'arcivescovo, recita una nota, ha espresso vicinanza alla famiglia e ricordato il politico, giornalista che conosceva fin da giovane, quando frequentavano lo stesso liceo a Roma. Negli ultimi anni si erano incontrati anche a Bologna come avvenne il 13 settembre 2019.<\/p>\n\n\n\n<p>\"Il presidente del Parlamento europeo David Sassoli \u00e8 stato un grande europeo fedele agli ideali della democrazia. I pensieri miei e di mio marito vanno alla sua famiglia e ai suoi amici in questo momento difficile\". Lo ha dichiarato su Twitter la vice presidente degli Stati Uniti, Kamala Harris.<\/p>\n\n\n\n<p>\"Inviamo le nostre pi\u00f9 sentite condoglianze al popolo dell'Unione Europea per la scomparsa del Presidente del Parlamento Europeo David Sassoli. Il presidente Sassoli sar\u00e0 ricordato come un forte sostenitore del partenariato USA-UE, una voce per la democrazia e i diritti umani a livello globale e un sostenitore di un'Unione europea che serve i suoi cittadini ed \u00e8 rafforzata dalla sua diversit\u00e0. I nostri pensieri sono con la sua famiglia e i suoi cari\". E' quanto ha scritto in un comunicato il portavoce del dipartimento di Stato Usa, Ned Price.<\/p>\n\n\n\n<p>Perdiamo un \"europeista sincero, innamorato della democrazia, un altruista che si \u00e8 battuto per cercare di ridurre la distanza trai cittadini e le istituzioni europee. La decisione di trasformare gli edifici del Parlamento in un dormitorio per le donne in difficolt\u00e0, durante i primi mesi della pandemia, rappresenta l'esempio migliore di questa sua attitudine\". Cos\u00ec Charles Michel, presidente del Consiglio europeo, in una intervista a La Stampa si dice \"estremamente scioccato, triste e commosso\" per la scomparsa di David Sassoli, con il quale ha condiviso la prima met\u00e0 di questa legislatura ai vertici dell'Unione europea nel trio composto anche da Ursula von der Leyen. Michel ha fatto sapere che sar\u00e0 presente ai funerali.<\/p>\n\n\n\n<p>I rappresentanti permanenti degli Stati membri presso l'Ue hanno osservato un minuto di silenzio oggi in apertura del Coreper II, il comitato in cui si riuniscono regolarmente in Consiglio, per ricordare il presidente del Parlamento Europeo David Sassoli. Lo comunica la presidenza francese dell'Ue, via social.&nbsp;Da ieri, quando si \u00e8 diffusa la notizia della morte del politico italiano, a Bruxelles si susseguono momenti di raccoglimento in memoria del presidente dell'Aula, deceduto una settimana prima della fine del suo mandato. Sassoli verr\u00e0 commemorato ufficialmente luned\u00ec prossimo all'apertura della prima plenaria del Parlamento Europeo a Strasburgo dal segretario del Pd, ed ex eurodeputato, Enrico Letta. L'indomani gli eurodeputati eleggeranno il suo successore per la seconda met\u00e0 della legislatura.&nbsp;<\/p>\n\n\n\n<p>Il Consiglio superiore della magistratura ha ricordato questa mattina David Sassoli, presidente del Parlamento europeo, morto ieri. \"Un uomo delle istituzioni, una grande persona che ci ha rappresentato con coraggio e determinazione all'estero, del quale sentiremo tutti la mancanza\", ha detto il consigliere laico Filippo Donati, prendendo la parola in plenum. Al ricordo si \u00e8 associato, a nome di tutto il Consiglio, il vicepresidente, David Ermini. \"Ho avuto la fortuna di essere amico di Sassoli, era una persona di una trasparenza e limpidezza assolute. Ha esercitato il suo compito in modo esemplare, non \u00e8 mai stato un uomo di parte, era un grande europeista. Le sue grandi passioni erano la politica verso gli ultimi e il sogno europeo'\".<\/p>\n","protected":false},"excerpt":{"rendered":"<p>Roma, 13 Gen 2022 &#8211; Via libera del Consiglio dei ministri alla delibera dei funerali di Stato per il Presidente del Parlamento europeo, David Sassoli.&#8230;<\/p>\n","protected":false},"author":2,"featured_media":216365,"comment_status":"closed","ping_status":"open","sticky":false,"template":"","format":"standard","meta":[],"categories":[49,50],"tags":[],"_links":{"self":[{"href":"https:\/\/www.cronacaonline.it\/index.php\/wp-json\/wp\/v2\/posts\/216364"}],"collection":[{"href":"https:\/\/www.cronacaonline.it\/index.php\/wp-json\/wp\/v2\/posts"}],"about":[{"href":"https:\/\/www.cronacaonline.it\/index.php\/wp-json\/wp\/v2\/types\/post"}],"author":[{"embeddable":true,"href":"https:\/\/www.cronacaonline.it\/index.php\/wp-json\/wp\/v2\/users\/2"}],"replies":[{"embeddable":true,"href":"https:\/\/www.cronacaonline.it\/index.php\/wp-json\/wp\/v2\/comments?post=216364"}],"version-history":[{"count":1,"href":"https:\/\/www.cronacaonline.it\/index.php\/wp-json\/wp\/v2\/posts\/216364\/revisions"}],"predecessor-version":[{"id":216366,"href":"https:\/\/www.cronacaonline.it\/index.php\/wp-json\/wp\/v2\/posts\/216364\/revisions\/216366"}],"wp:featuredmedia":[{"embeddable":true,"href":"https:\/\/www.cronacaonline.it\/index.php\/wp-json\/wp\/v2\/media\/216365"}],"wp:attachment":[{"href":"https:\/\/www.cronacaonline.it\/index.php\/wp-json\/wp\/v2\/media?parent=216364"}],"wp:term":[{"taxonomy":"category","embeddable":true,"href":"https:\/\/www.cronacaonline.it\/index.php\/wp-json\/wp\/v2\/categories?post=216364"},{"taxonomy":"post_tag","embeddable":true,"href":"https:\/\/www.cronacaonline.it\/index.php\/wp-json\/wp\/v2\/tags?post=216364"}],"curies":[{"name":"wp","href":"https:\/\/api.w.org\/{rel}","templated":true}]}}